{"id":57623,"date":"2021-12-16T17:21:44","date_gmt":"2021-12-16T17:21:44","guid":{"rendered":"https:\/\/jorgezanoni.com.br\/2019\/?p=57623"},"modified":"2021-12-16T17:21:44","modified_gmt":"2021-12-16T17:21:44","slug":"memoria-e-musica-aproximacao-mais-do-que-necessaria","status":"publish","type":"post","link":"https:\/\/jorgezanoni.com.br\/2019\/memoria-e-musica-aproximacao-mais-do-que-necessaria\/","title":{"rendered":"Mem\u00f3ria e M\u00fasica: Aproxima\u00e7\u00e3o mais do que necess\u00e1ria!"},"content":{"rendered":"<p style=\"text-align: justify;\"><strong>S\u00e9rgio Barbosa \/ UniFAI<\/strong><\/p>\n<p style=\"text-align: justify;\"><strong>Colabora\u00e7\u00e3o: profa. Dra. Izabel Castanha Gil.<\/strong><\/p>\n<p style=\"text-align: justify;\">Deve-se registrar inicialmente que atualmente o cen\u00e1rio est\u00e1 um tanto quanto complicado quanto ao Debate com temas e tem\u00e1ticas relacionados com as \u00e1reas da Mem\u00f3ria na perspectiva da Hist\u00f3ria.<\/p>\n<p style=\"text-align: justify;\">Entretanto, apesar dos pesares, continuam ocorrendo diversas atividades envolvendo o contexto plural dos (as) Artistas em geral, portanto, tais propostas devem ter o merecido apoio para uma aproxima\u00e7\u00e3o com a comunidade em n\u00edvel \u201cregiocal\u201d, ou seja, do regional para o local neste tempo novo tempo que se chama hoje.<\/p>\n<p style=\"text-align: justify;\">Nesta quinta-feira, 16, a partir das 21h, na Pra\u00e7a \u201c\u00c9lio Micheloni\u201d de Adamantina, estar\u00e1 ocorrendo um evento mais do que especial para todos (as) que marcarem presen\u00e7a no local, assim, o Lan\u00e7amento do \u201c2\u00ba. \u00c1lbum Musical Regional\u201d com muitas Hist\u00f3rias e Mem\u00f3rias em notas musicais.<\/p>\n<p style=\"text-align: justify;\"><strong>Apoio cultural<\/strong><\/p>\n<p style=\"text-align: justify;\">As atividades relacionadas com a promo\u00e7\u00e3o e execu\u00e7\u00e3o do evento, contam com o Apoio de diversas institui\u00e7\u00f5es, a saber: UniFAI, R\u00e1dio Cultura FM, Secretaria Municipal de Cultura e Turismo, ETEC \u201cProf. Eud\u00e9cio Luiz Vicente\u201d e Rede de Educa\u00e7\u00e3o Ambiental da Alta Paulista (REAP).<\/p>\n<p style=\"text-align: justify;\">Desta forma, a realiza\u00e7\u00e3o desta apresenta\u00e7\u00e3o est\u00e1 mais do que referenciada em n\u00edvel de import\u00e2ncia para todos (as) os (as) participantes como artistas e p\u00fablico, haja vista que a musicalidade regional estar\u00e1 fazendo a diferen\u00e7a por meio da memoria hist\u00f3rica.<\/p>\n<p style=\"text-align: justify;\"><strong>Letras, poemas e m\u00fasicas<\/strong><\/p>\n<p style=\"text-align: justify;\">Trata-se de uma proposta in\u00e9dita, tendo em vista a presen\u00e7a de letristas de diversas cidades que escreveram poemas com o objetivo de registrarem experi\u00eancias, mem\u00f3rias, personagens, paisagens naturais e outros olhares.<\/p>\n<p style=\"text-align: justify;\">Portanto, s\u00e3o identidades da Nova Alta Paulista que foram registradas neste \u201c\u00c1lbum Musical Regional\u201d, ainda, com a participa\u00e7\u00e3o de \u201cCida Ajala\u201d, autora das composi\u00e7\u00f5es musicais de 12 poemas, ainda, do padre Domingos de Jesus, autor e compositor de dois poemas.<\/p>\n<p style=\"text-align: justify;\"><strong>Hist\u00f3ria e mem\u00f3ria regional<\/strong><\/p>\n<p style=\"text-align: justify;\">A ideia de cria\u00e7\u00e3o de um \u00e1lbum musical surgiu em 2020, quando as atividades presenciais do Projeto Talentos e Produtos Regionais da Nova Alta Paulista (PRENAP) estavam suspensos devido \u00e0 pandemia Covid-19. Entre as v\u00e1rias a\u00e7\u00f5es empreendidas em 2019, uma comiss\u00e3o de especialistas coordenou a cria\u00e7\u00e3o e o lan\u00e7amento da 1\u00aa Antologia de Contos, Cr\u00f4nicas e Poesias Regionais, reunindo 85 obras in\u00e9ditas de 55 autores de 12 cidades.<\/p>\n<p style=\"text-align: justify;\">Durante o isolamento social, com a interrup\u00e7\u00e3o das a\u00e7\u00f5es, o grupo passou a fazer parte do projeto Musicando Sua Poesia, de Cida Ajala, cujo resultado foi o lan\u00e7amento do 1\u00ba \u00e1lbum, em dezembro do ano passado.<\/p>\n<p style=\"text-align: justify;\">Para conhecer as obras in\u00e9ditas, acesse <a href=\"https:\/\/open.spotify.com\/album\/2BNMtRVXpO5iPyjeZ4t2Db\">https:\/\/open.spotify.com\/album\/2BNMtRVXpO5iPyjeZ4t2Db<\/a><\/p>\n<p style=\"text-align: justify;\"><strong>Cria\u00e7\u00e3o musical e latitude 21<\/strong><\/p>\n<p style=\"text-align: justify;\">A cria\u00e7\u00e3o dos \u00e1lbuns musicais pauta-se na economia criativa como uma das estrat\u00e9gias para a constru\u00e7\u00e3o do territ\u00f3rio criativo Latitude 21 Nova Alta Paulista.<\/p>\n<p style=\"text-align: justify;\">A express\u00e3o \u201clatitude 21\u201d adv\u00e9m de um fato geogr\u00e1fico curioso: as 30 cidades que comp\u00f5em a Nova Alta Paulista localizam-se no paralelo 21 Sul, inspirando o registro de dom\u00ednio do nome e o seu uso em v\u00e1rias iniciativas, inspirando a cria\u00e7\u00e3o de uma marca regional.<\/p>\n<p style=\"text-align: justify;\">Tamb\u00e9m, deve-se destacar a participa\u00e7\u00e3o dos (a) Escritores (as) de Adamantina que receberam o presente de terem seus poemas musicados, a saber: Aline Valente Nunes Borro; Esmeraldo Pereira; Izabel Castanha Gil; Jo\u00e3o Passarinho e La\u00eds Olmo da Silva.<\/p>\n<p style=\"text-align: justify;\">Ainda, diversos (as) letristas que cursaram ou est\u00e3o cursando gradua\u00e7\u00e3o na UniFAI, portanto, o envolvimento dos (as) acad\u00eamicos (as) est\u00e1 em sintonia com o desenvolvimento das atividades mediadas pelas \u00e1reas do ensino, da pesquisa e da extens\u00e3o, a saber: Bruno Rondon Martielo (Hist\u00f3ria\/Tup\u00e3); La\u00eds Olmo da Silva (Biomedicina\/Adamantina); Luan Calderaro Costa (diplomado Geografia\/Tup\u00e3); Victor Hugo Silva Souza (diplomado em Hist\u00f3ria\/Pauliceia) e Prof.\u00aa Izabel Castanha Gil (docente nos cursos de Geografia, Hist\u00f3ria e Ci\u00eancias Econ\u00f4micas\/Adamantina).<\/p>\n<p>&nbsp;<\/p>\n","protected":false},"excerpt":{"rendered":"<p>S\u00e9rgio Barbosa \/ UniFAI Colabora\u00e7\u00e3o: profa. Dra. Izabel Castanha Gil. Deve-se registrar inicialmente que atualmente o cen\u00e1rio est\u00e1 um tanto quanto complicado quanto ao Debate com temas e tem\u00e1ticas relacionados com as \u00e1reas da Mem\u00f3ria na perspectiva da Hist\u00f3ria. Entretanto, apesar dos pesares, continuam ocorrendo diversas atividades envolvendo o contexto plural dos (as) Artistas em [&hellip;]<\/p>\n","protected":false},"author":1,"featured_media":57624,"comment_status":"closed","ping_status":"open","sticky":false,"template":"","format":"standard","meta":{"footnotes":""},"categories":[122],"tags":[],"class_list":["post-57623","post","type-post","status-publish","format-standard","has-post-thumbnail","hentry","category-saudeeducacaoeconcurso"],"_links":{"self":[{"href":"https:\/\/jorgezanoni.com.br\/2019\/wp-json\/wp\/v2\/posts\/57623","targetHints":{"allow":["GET"]}}],"collection":[{"href":"https:\/\/jorgezanoni.com.br\/2019\/wp-json\/wp\/v2\/posts"}],"about":[{"href":"https:\/\/jorgezanoni.com.br\/2019\/wp-json\/wp\/v2\/types\/post"}],"author":[{"embeddable":true,"href":"https:\/\/jorgezanoni.com.br\/2019\/wp-json\/wp\/v2\/users\/1"}],"replies":[{"embeddable":true,"href":"https:\/\/jorgezanoni.com.br\/2019\/wp-json\/wp\/v2\/comments?post=57623"}],"version-history":[{"count":0,"href":"https:\/\/jorgezanoni.com.br\/2019\/wp-json\/wp\/v2\/posts\/57623\/revisions"}],"wp:featuredmedia":[{"embeddable":true,"href":"https:\/\/jorgezanoni.com.br\/2019\/wp-json\/wp\/v2\/media\/57624"}],"wp:attachment":[{"href":"https:\/\/jorgezanoni.com.br\/2019\/wp-json\/wp\/v2\/media?parent=57623"}],"wp:term":[{"taxonomy":"category","embeddable":true,"href":"https:\/\/jorgezanoni.com.br\/2019\/wp-json\/wp\/v2\/categories?post=57623"},{"taxonomy":"post_tag","embeddable":true,"href":"https:\/\/jorgezanoni.com.br\/2019\/wp-json\/wp\/v2\/tags?post=57623"}],"curies":[{"name":"wp","href":"https:\/\/api.w.org\/{rel}","templated":true}]}}