{"id":57619,"date":"2021-12-16T16:59:19","date_gmt":"2021-12-16T16:59:19","guid":{"rendered":"https:\/\/jorgezanoni.com.br\/2019\/?p=57619"},"modified":"2021-12-16T17:00:23","modified_gmt":"2021-12-16T17:00:23","slug":"motorista-e-preso-com-mais-de-15-tonelada-de-maconha-na-sp-294-em-dracena","status":"publish","type":"post","link":"https:\/\/jorgezanoni.com.br\/2019\/motorista-e-preso-com-mais-de-15-tonelada-de-maconha-na-sp-294-em-dracena\/","title":{"rendered":"Motorista \u00e9 preso com mais de 1,5 tonelada de maconha na SP-294 em Dracena"},"content":{"rendered":"<h2 class=\"content-head__subtitle\" style=\"text-align: justify;\"><strong>Mais de 1.700 tabletes da droga estavam escondidos em um caminh\u00e3o, que foi abordado na Rodovia Comandante Jo\u00e3o Ribeiro de Barros no meio de carga de de sucata.<\/strong><\/h2>\n<div class=\"mc-column content-text active-extra-styles \" style=\"text-align: justify;\" data-block-type=\"unstyled\" data-block-weight=\"35\" data-block-id=\"2\">\n<p class=\"content-text__container \" data-track-category=\"Link no Texto\" data-track-links=\"\">Um homem de 49 anos foi preso em flagrante por tr\u00e1fico de drogas, na noite desta quarta-feira (15), em\u00a0<a href=\"https:\/\/g1.globo.com\/sp\/presidente-prudente-regiao\/cidade\/dracena\/\">Dracena<\/a>\u00a0(SP). Conforme a Pol\u00edcia Militar Rodovi\u00e1ria, ele transportava 1.535 quilos de maconha em um caminh\u00e3o.<\/p>\n<\/div>\n<div class=\"wall protected-content\">\n<div class=\"mc-column content-text active-extra-styles \" style=\"text-align: justify;\" data-block-type=\"unstyled\" data-block-weight=\"29\" data-block-id=\"3\">\n<p class=\"content-text__container \" data-track-category=\"Link no Texto\" data-track-links=\"\">Ainda segundo a corpora\u00e7\u00e3o, o ve\u00edculo, com placas de Rio das Pedras (SP), foi abordado na Rodovia Comandante Jo\u00e3o Ribeiro de Barros (SP-294), km 654, por volta das 21h.<\/p>\n<\/div>\n<div class=\"mc-column content-text active-extra-styles \" style=\"text-align: justify;\" data-block-type=\"unstyled\" data-block-weight=\"27\" data-block-id=\"4\">\n<p class=\"content-text__container \" data-track-category=\"Link no Texto\" data-track-links=\"\">O caminh\u00e3o estava carregado com sucata pl\u00e1stica. O motorista tinha sa\u00eddo de Cuiab\u00e1 (MT). Em vistoria minuciosa, os policiais localizaram grande quantidade de maconha entre a carga.<\/p>\n<\/div>\n<div class=\"mc-column content-text active-extra-styles \" data-block-type=\"unstyled\" data-block-weight=\"11\" data-block-id=\"5\">\n<p class=\"content-text__container \" style=\"text-align: justify;\" data-track-category=\"Link no Texto\" data-track-links=\"\">No ve\u00edculo havia 1.712 tabletes da droga, que pesaram 1.535 quilos.<\/p>\n<div class=\"mc-column content-text active-extra-styles \" style=\"text-align: justify;\" data-block-type=\"unstyled\" data-block-weight=\"30\" data-block-id=\"7\">\n<p class=\"content-text__container \" data-track-category=\"Link no Texto\" data-track-links=\"\">O condutor, morador de Rio das Pedras (SP), foi preso em flagrante. A ocorr\u00eancia foi apresentada na Delegacia de Pol\u00edcia Federal de Ara\u00e7atuba (SP). Ele permaneceu \u00e0 disposi\u00e7\u00e3o da Justi\u00e7a.<\/p>\n<\/div>\n<div class=\"mc-column content-text active-extra-styles \" style=\"text-align: justify;\" data-block-type=\"unstyled\" data-block-weight=\"7\" data-block-id=\"8\">\n<p class=\"content-text__container \" data-track-category=\"Link no Texto\" data-track-links=\"\">A droga e o ve\u00edculo foram apreendidos.<\/p>\n<\/div>\n<div class=\"mc-column content-text active-extra-styles \" data-block-type=\"unstyled\" data-block-weight=\"11\" data-block-id=\"9\">\n<p class=\"content-text__container \" style=\"text-align: justify;\" data-track-category=\"Link no Texto\" data-track-links=\"\">A a\u00e7\u00e3o foi em conjunto entre as pol\u00edcias Rodovi\u00e1ria e Federal.<\/p>\n<\/div>\n<div class=\"row medium-uncollapsed content-media content-photo\" data-block-type=\"backstage-photo\" data-block-id=\"10\">\n<div class=\"mc-column content-media__container\">\n<div class=\"content-media-container glb-skeleton-box\">\n<figure class=\"content-media-figure\"><img decoding=\"async\" class=\"i-amphtml-fill-content i-amphtml-replaced-content\" src=\"https:\/\/s2.glbimg.com\/uGfw_FMsa2S3F2x-ICeUJRCBEhM=\/0x0:1280x1280\/984x0\/smart\/filters:strip_icc()\/i.s3.glbimg.com\/v1\/AUTH_59edd422c0c84a879bd37670ae4f538a\/internal_photos\/bs\/2021\/D\/7\/FTs5AZRIGA4GT0nuLiIQ\/whatsapp-image-2021-12-16-at-05.06.27.jpeg\" sizes=\"(max-width: 1366px) 648px, 100vw\" srcset=\"https:\/\/s2.glbimg.com\/1716q2sf0c5eLl7VvcaQsdMHFI8=\/0x0:1280x1280\/1000x0\/smart\/filters:strip_icc()\/i.s3.glbimg.com\/v1\/AUTH_59edd422c0c84a879bd37670ae4f538a\/internal_photos\/bs\/2021\/D\/7\/FTs5AZRIGA4GT0nuLiIQ\/whatsapp-image-2021-12-16-at-05.06.27.jpeg 1000w, https:\/\/s2.glbimg.com\/uGfw_FMsa2S3F2x-ICeUJRCBEhM=\/0x0:1280x1280\/984x0\/smart\/filters:strip_icc()\/i.s3.glbimg.com\/v1\/AUTH_59edd422c0c84a879bd37670ae4f538a\/internal_photos\/bs\/2021\/D\/7\/FTs5AZRIGA4GT0nuLiIQ\/whatsapp-image-2021-12-16-at-05.06.27.jpeg 984w, https:\/\/s2.glbimg.com\/Dq9y5ouSyW9IjHIFqweZlkNXn_g=\/0x0:1280x1280\/640x0\/smart\/filters:strip_icc()\/i.s3.glbimg.com\/v1\/AUTH_59edd422c0c84a879bd37670ae4f538a\/internal_photos\/bs\/2021\/D\/7\/FTs5AZRIGA4GT0nuLiIQ\/whatsapp-image-2021-12-16-at-05.06.27.jpeg 640w, https:\/\/s2.glbimg.com\/XPAXHenQcdGn5SpX6D1hQoS_uaY=\/0x0:1280x1280\/600x0\/smart\/filters:strip_icc()\/i.s3.glbimg.com\/v1\/AUTH_59edd422c0c84a879bd37670ae4f538a\/internal_photos\/bs\/2021\/D\/7\/FTs5AZRIGA4GT0nuLiIQ\/whatsapp-image-2021-12-16-at-05.06.27.jpeg 600w\" alt=\"Pol\u00edcia apreendeu mais de 1,5 tonelada de maconha em meio a carga de sucata \u2014 Foto: Pol\u00edcia Rodovi\u00e1ria\" \/><\/figure>\n<\/div>\n<p class=\"content-media__description \" style=\"text-align: justify;\">Pol\u00edcia apreendeu mais de 1,5 tonelada de maconha em meio a carga de sucata \u2014 Foto: Pol\u00edcia Rodovi\u00e1ria<\/p>\n<p>Fonte: PMR e G1<\/p>\n<\/div>\n<\/div>\n<\/div>\n<\/div>\n<h1 class=\"content-head__title\"><\/h1>\n","protected":false},"excerpt":{"rendered":"<p>Mais de 1.700 tabletes da droga estavam escondidos em um caminh\u00e3o, que foi abordado na Rodovia Comandante Jo\u00e3o Ribeiro de Barros no meio de carga de de sucata. Um homem de 49 anos foi preso em flagrante por tr\u00e1fico de drogas, na noite desta quarta-feira (15), em\u00a0Dracena\u00a0(SP). Conforme a Pol\u00edcia Militar Rodovi\u00e1ria, ele transportava 1.535 [&hellip;]<\/p>\n","protected":false},"author":1,"featured_media":57620,"comment_status":"closed","ping_status":"open","sticky":false,"template":"","format":"standard","meta":{"footnotes":""},"categories":[110,2],"tags":[],"class_list":["post-57619","post","type-post","status-publish","format-standard","has-post-thumbnail","hentry","category-noticiasdestaque","category-policial"],"_links":{"self":[{"href":"https:\/\/jorgezanoni.com.br\/2019\/wp-json\/wp\/v2\/posts\/57619","targetHints":{"allow":["GET"]}}],"collection":[{"href":"https:\/\/jorgezanoni.com.br\/2019\/wp-json\/wp\/v2\/posts"}],"about":[{"href":"https:\/\/jorgezanoni.com.br\/2019\/wp-json\/wp\/v2\/types\/post"}],"author":[{"embeddable":true,"href":"https:\/\/jorgezanoni.com.br\/2019\/wp-json\/wp\/v2\/users\/1"}],"replies":[{"embeddable":true,"href":"https:\/\/jorgezanoni.com.br\/2019\/wp-json\/wp\/v2\/comments?post=57619"}],"version-history":[{"count":0,"href":"https:\/\/jorgezanoni.com.br\/2019\/wp-json\/wp\/v2\/posts\/57619\/revisions"}],"wp:featuredmedia":[{"embeddable":true,"href":"https:\/\/jorgezanoni.com.br\/2019\/wp-json\/wp\/v2\/media\/57620"}],"wp:attachment":[{"href":"https:\/\/jorgezanoni.com.br\/2019\/wp-json\/wp\/v2\/media?parent=57619"}],"wp:term":[{"taxonomy":"category","embeddable":true,"href":"https:\/\/jorgezanoni.com.br\/2019\/wp-json\/wp\/v2\/categories?post=57619"},{"taxonomy":"post_tag","embeddable":true,"href":"https:\/\/jorgezanoni.com.br\/2019\/wp-json\/wp\/v2\/tags?post=57619"}],"curies":[{"name":"wp","href":"https:\/\/api.w.org\/{rel}","templated":true}]}}