{"id":57611,"date":"2021-12-16T14:43:38","date_gmt":"2021-12-16T14:43:38","guid":{"rendered":"https:\/\/jorgezanoni.com.br\/2019\/?p=57611"},"modified":"2021-12-16T14:43:38","modified_gmt":"2021-12-16T14:43:38","slug":"docente-da-unifadra-conclui-doutorado-profa-sheila-regiane-franceschini","status":"publish","type":"post","link":"https:\/\/jorgezanoni.com.br\/2019\/docente-da-unifadra-conclui-doutorado-profa-sheila-regiane-franceschini\/","title":{"rendered":"Docente da Unifadra conclui doutorado &#8211; Profa. Sheila Regiane Franceschini"},"content":{"rendered":"<p style=\"text-align: justify;\"><span style=\"font-size: large;\">A musicista e docente do curso de Artes Visuais da Unifadra Dracena, Profa. Sheila Regiane Franceschini, fez sua apresenta\u00e7\u00e3o no dia 10 de dezembro e concluiu o Doutorado em Tecnologias da Intelig\u00eancia e Design Digital na Pontif\u00edcia Universidade Cat\u00f3lica de S\u00e3o Paulo (PUC-SP).<\/span><\/p>\n<p><span style=\"font-size: large;\">Com a pesquisa &#8220;Sinestesia e percep\u00e7\u00e3o como forma de conhecer e reconhecer o mundo numa experi\u00eancia musical&#8221;, na linha de pesquisa: aprendizagem e semi\u00f3tica cognitiva, a docente analisou as rela\u00e7\u00f5es entre sinestesia, percep\u00e7\u00e3o e arte, sugerindo estrat\u00e9gias de ensino em m\u00fasica baseadas na abordagem sinest\u00e9sica. A sinestesia \u00e9 entendida como a fus\u00e3o ou unidade dos sentidos no processo perceptivo e, na pesquisa, \u00e9 defendida como algo que pode ser estimulado por meio da arte.<\/span><\/p>\n<p><span style=\"font-size: large;\">Sheila Regiane Franceschini foi orientada pelo\u00a0<\/span>Prof. Dr.<span style=\"font-size: large;\">\u00a0S\u00e9rgio\u00a0<\/span>Roclaw<span style=\"font-size: large;\">\u00a0Basbaum, coordenador do Grupo de Pesquisa em\u00a0<\/span>Tecnoest\u00e9se<span style=\"font-size: large;\">\u00a0e\u00a0<\/span>Infocogni\u00e7\u00e3o<span style=\"font-size: large;\">\u00a0(Techno.exe) do Programa de P\u00f3s-Gradua\u00e7\u00e3o em Tecnologias da Intelig\u00eancia e Design Digital (PPG-TIDD) da PUC-SP. Na banca de avalia\u00e7\u00e3o estiveram presentes, al\u00e9m do orientador, os professores Jo\u00e3o Augusto Mattar Neto, Claudio Fernando\u00a0<\/span>Andre<span style=\"font-size: large;\">\u00a0e as professoras convidadas Iracele Vera L\u00edvero de Souza e Joedy Barros Marins Bamonte.<\/span><\/p>\n<p><span style=\"font-size: large;\">A dire\u00e7\u00e3o e a coordena\u00e7\u00e3o da Unifadra parabenizam a professora pela conclus\u00e3o do doutorado e ressaltam a import\u00e2ncia da busca cont\u00ednua do conhecimento para seu crescimento pessoal, bem como para a Institui\u00e7\u00e3o, que passa a contar no seu corpo docente com profissionais titulados, cada vez mais qualificados e sempre atualizados, contribuindo de forma significativa para o enriquecimento e o desenvolvimento dos cursos nos quais leciona.<\/span><\/p>\n<p>Fonte: Depto. Comunica\u00e7\u00e3o Fundec<\/p>\n","protected":false},"excerpt":{"rendered":"<p>A musicista e docente do curso de Artes Visuais da Unifadra Dracena, Profa. Sheila Regiane Franceschini, fez sua apresenta\u00e7\u00e3o no dia 10 de dezembro e concluiu o Doutorado em Tecnologias da Intelig\u00eancia e Design Digital na Pontif\u00edcia Universidade Cat\u00f3lica de S\u00e3o Paulo (PUC-SP). Com a pesquisa &#8220;Sinestesia e percep\u00e7\u00e3o como forma de conhecer e reconhecer [&hellip;]<\/p>\n","protected":false},"author":1,"featured_media":57612,"comment_status":"closed","ping_status":"open","sticky":false,"template":"","format":"standard","meta":{"footnotes":""},"categories":[110,122],"tags":[],"class_list":["post-57611","post","type-post","status-publish","format-standard","has-post-thumbnail","hentry","category-noticiasdestaque","category-saudeeducacaoeconcurso"],"_links":{"self":[{"href":"https:\/\/jorgezanoni.com.br\/2019\/wp-json\/wp\/v2\/posts\/57611","targetHints":{"allow":["GET"]}}],"collection":[{"href":"https:\/\/jorgezanoni.com.br\/2019\/wp-json\/wp\/v2\/posts"}],"about":[{"href":"https:\/\/jorgezanoni.com.br\/2019\/wp-json\/wp\/v2\/types\/post"}],"author":[{"embeddable":true,"href":"https:\/\/jorgezanoni.com.br\/2019\/wp-json\/wp\/v2\/users\/1"}],"replies":[{"embeddable":true,"href":"https:\/\/jorgezanoni.com.br\/2019\/wp-json\/wp\/v2\/comments?post=57611"}],"version-history":[{"count":0,"href":"https:\/\/jorgezanoni.com.br\/2019\/wp-json\/wp\/v2\/posts\/57611\/revisions"}],"wp:featuredmedia":[{"embeddable":true,"href":"https:\/\/jorgezanoni.com.br\/2019\/wp-json\/wp\/v2\/media\/57612"}],"wp:attachment":[{"href":"https:\/\/jorgezanoni.com.br\/2019\/wp-json\/wp\/v2\/media?parent=57611"}],"wp:term":[{"taxonomy":"category","embeddable":true,"href":"https:\/\/jorgezanoni.com.br\/2019\/wp-json\/wp\/v2\/categories?post=57611"},{"taxonomy":"post_tag","embeddable":true,"href":"https:\/\/jorgezanoni.com.br\/2019\/wp-json\/wp\/v2\/tags?post=57611"}],"curies":[{"name":"wp","href":"https:\/\/api.w.org\/{rel}","templated":true}]}}