{"id":57608,"date":"2021-12-16T14:17:20","date_gmt":"2021-12-16T14:17:20","guid":{"rendered":"https:\/\/jorgezanoni.com.br\/2019\/?p=57608"},"modified":"2021-12-16T14:17:20","modified_gmt":"2021-12-16T14:17:20","slug":"prefeitura-de-dracena-antecipa-pagamento-do-13o-salario-dos-servidores-municipais","status":"publish","type":"post","link":"https:\/\/jorgezanoni.com.br\/2019\/prefeitura-de-dracena-antecipa-pagamento-do-13o-salario-dos-servidores-municipais\/","title":{"rendered":"Prefeitura de Dracena antecipa pagamento do 13\u00ba Sal\u00e1rio dos Servidores Municipais"},"content":{"rendered":"<div class=\"ntc_cont_descricao_noticia sw_txteditor\">\n<div style=\"text-align: justify;\">A Secretaria Municipal de Administra\u00e7\u00e3o informa que a segunda parcela do 13\u00ba sal\u00e1rio dos servidores da Prefeitura de Dracena ser\u00e1 antecipado para a pr\u00f3xima sexta-feira, 17. O montante conforme a Secretaria corresponde a R$ 1.539.396,26.<br \/>\nO prefeito Andr\u00e9 Lemos afirma: \u201cO valor com certeza ser\u00e1 injetado na economia local, dando um grande f\u00f4lego ao com\u00e9rcio dracenense, principalmente neste ano de enfrentamento da pandemia de covid, onde os comerciantes sentiram muita a queda nas vendas\u201d.<\/div>\n<div><\/div>\n<div>Fonte: Diretoria de Comunica\u00e7\u00e3o<\/div>\n<\/div>\n<div class=\"ntc_area_info_noticia sw_lato\">\n<div><\/div>\n<\/div>\n","protected":false},"excerpt":{"rendered":"<p>A Secretaria Municipal de Administra\u00e7\u00e3o informa que a segunda parcela do 13\u00ba sal\u00e1rio dos servidores da Prefeitura de Dracena ser\u00e1 antecipado para a pr\u00f3xima sexta-feira, 17. O montante conforme a Secretaria corresponde a R$ 1.539.396,26. O prefeito Andr\u00e9 Lemos afirma: \u201cO valor com certeza ser\u00e1 injetado na economia local, dando um grande f\u00f4lego ao com\u00e9rcio [&hellip;]<\/p>\n","protected":false},"author":1,"featured_media":57609,"comment_status":"closed","ping_status":"open","sticky":false,"template":"","format":"standard","meta":{"footnotes":""},"categories":[179,184,110],"tags":[],"class_list":["post-57608","post","type-post","status-publish","format-standard","has-post-thumbnail","hentry","category-cidadeseregiao","category-dracena","category-noticiasdestaque"],"_links":{"self":[{"href":"https:\/\/jorgezanoni.com.br\/2019\/wp-json\/wp\/v2\/posts\/57608","targetHints":{"allow":["GET"]}}],"collection":[{"href":"https:\/\/jorgezanoni.com.br\/2019\/wp-json\/wp\/v2\/posts"}],"about":[{"href":"https:\/\/jorgezanoni.com.br\/2019\/wp-json\/wp\/v2\/types\/post"}],"author":[{"embeddable":true,"href":"https:\/\/jorgezanoni.com.br\/2019\/wp-json\/wp\/v2\/users\/1"}],"replies":[{"embeddable":true,"href":"https:\/\/jorgezanoni.com.br\/2019\/wp-json\/wp\/v2\/comments?post=57608"}],"version-history":[{"count":0,"href":"https:\/\/jorgezanoni.com.br\/2019\/wp-json\/wp\/v2\/posts\/57608\/revisions"}],"wp:featuredmedia":[{"embeddable":true,"href":"https:\/\/jorgezanoni.com.br\/2019\/wp-json\/wp\/v2\/media\/57609"}],"wp:attachment":[{"href":"https:\/\/jorgezanoni.com.br\/2019\/wp-json\/wp\/v2\/media?parent=57608"}],"wp:term":[{"taxonomy":"category","embeddable":true,"href":"https:\/\/jorgezanoni.com.br\/2019\/wp-json\/wp\/v2\/categories?post=57608"},{"taxonomy":"post_tag","embeddable":true,"href":"https:\/\/jorgezanoni.com.br\/2019\/wp-json\/wp\/v2\/tags?post=57608"}],"curies":[{"name":"wp","href":"https:\/\/api.w.org\/{rel}","templated":true}]}}