{"id":57572,"date":"2021-12-15T00:03:19","date_gmt":"2021-12-15T00:03:19","guid":{"rendered":"https:\/\/jorgezanoni.com.br\/2019\/?p=57572"},"modified":"2021-12-15T00:03:19","modified_gmt":"2021-12-15T00:03:19","slug":"para-alem-da-unifai-em-tempo-de-pandemia","status":"publish","type":"post","link":"https:\/\/jorgezanoni.com.br\/2019\/para-alem-da-unifai-em-tempo-de-pandemia\/","title":{"rendered":"Para al\u00e9m da UniFAI em tempo de Pandemia&#8230;"},"content":{"rendered":"<p style=\"text-align: justify;\"><strong>&#8220;O jornalismo nunca pode ficar em sil\u00eancio: Esta \u00e9 a sua maior virtude e o seu maior defeito. \u00c9 preciso falar, e falar imediatamente, enquanto os ecos da maravilha, as alega\u00e7\u00f5es de triunfo e os sinais de horror ainda est\u00e3o no ar.&#8221; (<\/strong><strong><em>Anatole Henry Grunwald)<\/em><\/strong><strong>\u00a0<\/strong><\/p>\n<p style=\"text-align: justify;\"><strong>\u201cSem um planejamento estrat\u00e9gico competente, ningu\u00e9m sobreviver\u00e1 nesses tempos globalizados\u201d (Michael Porter)<\/strong><\/p>\n<p style=\"text-align: justify;\"><strong>\u201cAssumir uma atitude respons\u00e1vel perante o futuro sem uma compreens\u00e3o do passado \u00e9 ter um objetivo sem conhecimento. Compreender o passado sem um comprometimento com o futuro \u00e9 ter conhecimento sem objetivo\u201d (Ronald T. Laconte)<\/strong><\/p>\n<p style=\"text-align: justify;\"><strong>S\u00e9rgio Barbosa (*) <\/strong><\/p>\n<p style=\"text-align: justify;\">Faz alguns anos que a UniFAI\/Adamantina-SP n\u00e3o consegue abrir turma para o curso de &#8220;JORNALISMO&#8221;, bem como, para outros cursos e ponto quase final&#8230;<\/p>\n<p style=\"text-align: justify;\">Nestes anos, diversos cursos n\u00e3o abriram turmas, ainda, considerando que outros est\u00e3o &#8220;fechados&#8221; ou em &#8220;estado de espera&#8221; de um novo tempo novo para os mesmos, por\u00e9m, tais desencontros s\u00e3o preocupantes neste cen\u00e1rio de incertezas para o mercado educacional em n\u00edvel &#8220;regiocal&#8221;, ou seja, do regional para o local&#8230;<\/p>\n<p style=\"text-align: justify;\">N\u00e3o pretendo fazer o papel de defender em &#8220;causa pr\u00f3pria&#8221;, tendo em vista que sou professor concursado no curso de JORNALISMO desde o ano de 2.001, por\u00e9m, faz-se necess\u00e1rio estar em conex\u00e3o com os fatos relacionados com os outros cursos&#8230;<\/p>\n<p style=\"text-align: justify;\">As disputas pelo mercado em todas as \u00e1reas est\u00e3o mais do que evidente, haja vista os problemas envolvendo os cursos que n\u00e3o conseguiram &#8220;montar turmas&#8221; de acordo com as novas exig\u00eancias da dire\u00e7\u00e3o quanto ao n\u00famero m\u00ednimo calouros\/as para iniciarem o semestre letivo&#8230;<\/p>\n<p style=\"text-align: justify;\">Por\u00e9m, no caso espec\u00edfico do curso de JORNALISMO, pode-se escrever que dificilmente ter\u00e1 condi\u00e7\u00f5es de voltar a fazer parte do contexto acad\u00eamico da UniFAI, tendo em vista que faz anos que n\u00e3o atende as tais exig\u00eancias quanto ao n\u00famero de discentes matriculados para iniciar o primeiro semestre letivo e dar seq\u00fc\u00eancia aos demais termos ou semestres&#8230;<\/p>\n<p style=\"text-align: justify;\">Neste contexto plural para a institui\u00e7\u00e3o quanto ao n\u00famero de cursos que est\u00e3o &#8220;desativados&#8221;, tamb\u00e9m, dos cursos que est\u00e3o correndo para montarem suas respectivas Turmas para 2.022, pode-se afirmar que &#8220;\u00e9 melhor prevenir do que remediar&#8221;, pois, o cen\u00e1rio que se aproxima neste NOVO TEMPO NOVO pode apresentar o que vai ser daqui pra frente para a UniFAI neste cen\u00e1rio em n\u00edvel de p\u00f3s-globaliza\u00e7\u00e3o organizacional na \u00e1rea do Ensino Superior&#8230;<\/p>\n<p style=\"text-align: justify;\">Portanto, a nova gest\u00e3o que dever\u00e1 assumir o comando na institui\u00e7\u00e3o dever\u00e1 estar em conex\u00e3o com as propostas mediadas pelas &#8220;Pesquisas de\u00a0 Mercado&#8221; por meio do desenvolvimento de um &#8220;Planejamento Estrat\u00e9gico&#8221;, ainda, buscando o fortalecimento da marca &#8220;UniFAI&#8221; em n\u00edveis local, regional, estadual e nacional, tamb\u00e9m, por meio das parcerias visando a INTERNACIONALIZA\u00c7\u00c3O da institui\u00e7\u00e3o&#8230;<\/p>\n<p style=\"text-align: justify;\">Tamb\u00e9m, parcerias na \u00e1rea internacional pode fazer a diferen\u00e7a neste tempo novo tempo, por\u00e9m, para que isso possa ocorrer nas \u00e1reas do ensino e da pesquisa, torna-se necess\u00e1rio as a\u00e7\u00f5es estrat\u00e9gicas focadas no &#8220;marketing institucional&#8221; para estar em conex\u00e3o com as novas exig\u00eancias patrocinadas pelo MERCADO em n\u00edvel GLOCAL, ou seja, do GLOBAL para o LOCAL&#8230;<\/p>\n<p style=\"text-align: justify;\">Retomando o esquecimento por causa disto ou daquilo dos cursos que est\u00e3o &#8220;dormindo&#8221;, bem como, dos cursos que n\u00e3o abriram turmas neste ano letivo, letivo, pode-se afirmar que o &#8220;sinal de alerta&#8221; est\u00e1 aceso faz alguns anos e a nova REITORIA com sua EQUIPE de apoio deve buscar SER e n\u00e3o apenas ESTAR na atual conjuntura educacional&#8230;<\/p>\n<p style=\"text-align: justify;\">QUEM SOBREVIVER VAI SABER&#8230;<\/p>\n<p style=\"text-align: justify;\"><em>________________________________________<\/em><\/p>\n<p style=\"text-align: justify;\"><em>(*) j<\/em><strong><em>ornalista diplomado, colaborador na R\u00e1dio Cultura FM e professor dos Cursos de Administra\u00e7\u00e3o, Design e Publicidade &amp; Propaganda da UniFAI. Assessor-executivo da ASSPEM-Assessoria P\u00fablica e Empresarial e Consultor na \u00c1rea da Gest\u00e3o em M\u00eddia Organizacional. Autor do E-book: ADAMANTINA: Novas Perspectivas de Organiza\u00e7\u00f5es Empresariais (ACEA\/EP\/ASSPEM\/2.021).<\/em><\/strong><\/p>\n<p style=\"text-align: justify;\"><strong><em>e-mail: <\/em><\/strong><a href=\"mailto:barbosa.sebar@gmail.com\"><strong><em>barbosa.sebar@gmail.com<\/em><\/strong><\/a><\/p>\n","protected":false},"excerpt":{"rendered":"<p>&#8220;O jornalismo nunca pode ficar em sil\u00eancio: Esta \u00e9 a sua maior virtude e o seu maior defeito. \u00c9 preciso falar, e falar imediatamente, enquanto os ecos da maravilha, as alega\u00e7\u00f5es de triunfo e os sinais de horror ainda est\u00e3o no ar.&#8221; (Anatole Henry Grunwald)\u00a0 \u201cSem um planejamento estrat\u00e9gico competente, ningu\u00e9m sobreviver\u00e1 nesses tempos globalizados\u201d [&hellip;]<\/p>\n","protected":false},"author":1,"featured_media":57573,"comment_status":"closed","ping_status":"open","sticky":false,"template":"","format":"standard","meta":{"footnotes":""},"categories":[175],"tags":[],"class_list":["post-57572","post","type-post","status-publish","format-standard","has-post-thumbnail","hentry","category-artigos"],"_links":{"self":[{"href":"https:\/\/jorgezanoni.com.br\/2019\/wp-json\/wp\/v2\/posts\/57572","targetHints":{"allow":["GET"]}}],"collection":[{"href":"https:\/\/jorgezanoni.com.br\/2019\/wp-json\/wp\/v2\/posts"}],"about":[{"href":"https:\/\/jorgezanoni.com.br\/2019\/wp-json\/wp\/v2\/types\/post"}],"author":[{"embeddable":true,"href":"https:\/\/jorgezanoni.com.br\/2019\/wp-json\/wp\/v2\/users\/1"}],"replies":[{"embeddable":true,"href":"https:\/\/jorgezanoni.com.br\/2019\/wp-json\/wp\/v2\/comments?post=57572"}],"version-history":[{"count":0,"href":"https:\/\/jorgezanoni.com.br\/2019\/wp-json\/wp\/v2\/posts\/57572\/revisions"}],"wp:featuredmedia":[{"embeddable":true,"href":"https:\/\/jorgezanoni.com.br\/2019\/wp-json\/wp\/v2\/media\/57573"}],"wp:attachment":[{"href":"https:\/\/jorgezanoni.com.br\/2019\/wp-json\/wp\/v2\/media?parent=57572"}],"wp:term":[{"taxonomy":"category","embeddable":true,"href":"https:\/\/jorgezanoni.com.br\/2019\/wp-json\/wp\/v2\/categories?post=57572"},{"taxonomy":"post_tag","embeddable":true,"href":"https:\/\/jorgezanoni.com.br\/2019\/wp-json\/wp\/v2\/tags?post=57572"}],"curies":[{"name":"wp","href":"https:\/\/api.w.org\/{rel}","templated":true}]}}