{"id":57567,"date":"2021-12-14T23:49:57","date_gmt":"2021-12-14T23:49:57","guid":{"rendered":"https:\/\/jorgezanoni.com.br\/2019\/?p=57567"},"modified":"2021-12-14T23:49:57","modified_gmt":"2021-12-14T23:49:57","slug":"curso-de-fisioterapia-da-unifai-qualificacao-academica-e-visao-humanizadora","status":"publish","type":"post","link":"https:\/\/jorgezanoni.com.br\/2019\/curso-de-fisioterapia-da-unifai-qualificacao-academica-e-visao-humanizadora\/","title":{"rendered":"Curso de Fisioterapia da UniFAI: Qualifica\u00e7\u00e3o acad\u00eamica e vis\u00e3o humanizadora"},"content":{"rendered":"<p style=\"text-align: justify;\"><strong>S\u00e9rgio Barbosa \/ UniFAI<\/strong><\/p>\n<p style=\"text-align: justify;\">No meu caso em especial, escrever sobre o Curso de Fisioterapia na perspectiva cr\u00edtica e solid\u00e1ria das atividades desenvolvidas por meio da Fisiocl\u00ednica, pode ser uma vantagem como pelo olhar do Paciente, por\u00e9m, torna-se complexo quando se trata de escrever especificamente sobre o Curso.<\/p>\n<p style=\"text-align: justify;\">Entretanto, entendo que se faz necess\u00e1rio tentar uma reflex\u00e3o que possa estar de acordo entre a proposta acad\u00eamica e as a\u00e7\u00f5es pedag\u00f3gicas em sala de aula, laborat\u00f3rios e est\u00e1gio para as (os) discentes de Fisioterapia.<\/p>\n<p style=\"text-align: justify;\"><strong>Humaniza\u00e7\u00e3o e compromisso<\/strong><\/p>\n<p style=\"text-align: justify;\">Tamb\u00e9m, deve-se registrar que os Cursos que est\u00e3o alocados na \u00e1rea da Sa\u00fade, de um jeito ou de outro, isso \u00e9, dependendo sempre dos objetivos desta ou daquela gradua\u00e7\u00e3o, possuem o compromisso com os (as)\u00a0 respectivos (as) pacientes, bem como, buscando \u201cser\u201d e n\u00e3o apenas \u201cestar\u201d neste atendimento mais do que humanizado.<\/p>\n<p style=\"text-align: justify;\">Neste contexto, a <strong>profa. Ma. Patr\u00edcia Braz<\/strong>, docente do curso e Respons\u00e1vel T\u00e9cnica da Fisiocl\u00ednica afirma: \u201c\u201c Fazendo parte do curso desde a primeira turma, acompanhei o crescimento e comprometimento dos docentes e alunos, com conhecimento aliado \u00e0 humaniza\u00e7\u00e3o contagiando, sempre, funcion\u00e1rios e pacientes envolvidos em todo processo<strong>.\u201d <\/strong><\/p>\n<p style=\"text-align: justify;\">Portanto, quem decide cursar Fisioterapia deve ter este compromisso com as diversas exig\u00eancias proporcionadas pelos estudos, pesquisas e est\u00e1gio, ainda, de acordo com as exig\u00eancias visando \u00e0 forma\u00e7\u00e3o acad\u00eamica que envolve a \u201cteoria\u201d em a\u00e7\u00f5es \u201cpr\u00e1ticas\u201d para uma aproxima\u00e7\u00e3o entre docentes e discente.<\/p>\n<p style=\"text-align: justify;\">Para a <strong>profa. Ma. Leandra Navarro Benatti<\/strong>, docente e Coordenadora do Curso de Fisioterapia da UniFAI, \u201cO aluno que decide cursar Fisioterapia ser\u00e1 recebido por uma equipe t\u00e9cnica, acad\u00eamica e administrativa engajada em despertar as habilidades, estimular o conhecimento e desenvolver as compet\u00eancias necess\u00e1rias para a atua\u00e7\u00e3o em todas as \u00e1reas da profiss\u00e3o. A paix\u00e3o pelo curso e o comprometimento com a profiss\u00e3o e com a sa\u00fade da popula\u00e7\u00e3o, certamente, s\u00e3o nossos norteadores para garantir trajet\u00f3rias de sucesso.\u201d<\/p>\n<p style=\"text-align: justify;\"><strong>Mercado de trabalho e oportunidades<\/strong><\/p>\n<p style=\"text-align: justify;\">As exig\u00eancias patrocinadas pela atual conjuntura em tempo de Pandemia exigem da (o) futura (o) Fisioterapeuta, condi\u00e7\u00f5es t\u00e9cnicas e capacidade profissional para ocupar o seu lugar no Mercado em \u00e1reas afins aos interesses espec\u00edfico ou coletivo com os (as) Pacientes.<\/p>\n<p style=\"text-align: justify;\">Portanto, deve-se considerar que existem diversas possibilidades para aquele (a) profissional capacitado (a), todavia, a ess\u00eancia que \u00e9 mediada pela forma\u00e7\u00e3o acad\u00eamica no Curso de Fisioterapia da UniFAI, pode fazer a diferen\u00e7a em todas as \u00e1reas de atua\u00e7\u00e3o em tempo de Pandemia.<\/p>\n<p style=\"text-align: justify;\">Ainda, o olhar da (o) Fisioterapeuta deve estar em sintonia com as necessidades da (o) paciente para uma aproxima\u00e7\u00e3o ampla, geral e irrestrita visando \u00e0 recupera\u00e7\u00e3o para \u201cser\u201d muito mais do uma profiss\u00e3o.<\/p>\n<p style=\"text-align: justify;\">Informa\u00e7\u00f5es: <a href=\"http:\/\/www.unifai.com.br\/vestibular\">www.unifai.com.br\/vestibular<\/a><\/p>\n<p style=\"text-align: justify;\"><img loading=\"lazy\" decoding=\"async\" class=\"alignnone size-full wp-image-57568\" src=\"https:\/\/jorgezanoni.com.br\/2019\/wp-content\/uploads\/2021\/12\/Profa.-Ma.-Leandra-Navarro-Benatti-docente-e-coordenadora-do-Curso-de-Fisioterapia..jpg\" alt=\"\" width=\"548\" height=\"938\" srcset=\"https:\/\/jorgezanoni.com.br\/2019\/wp-content\/uploads\/2021\/12\/Profa.-Ma.-Leandra-Navarro-Benatti-docente-e-coordenadora-do-Curso-de-Fisioterapia..jpg 548w, https:\/\/jorgezanoni.com.br\/2019\/wp-content\/uploads\/2021\/12\/Profa.-Ma.-Leandra-Navarro-Benatti-docente-e-coordenadora-do-Curso-de-Fisioterapia.-175x300.jpg 175w, https:\/\/jorgezanoni.com.br\/2019\/wp-content\/uploads\/2021\/12\/Profa.-Ma.-Leandra-Navarro-Benatti-docente-e-coordenadora-do-Curso-de-Fisioterapia.-245x420.jpg 245w\" sizes=\"auto, (max-width: 548px) 100vw, 548px\" \/>Profa. Ma. Leandra Navarro Benatti, docente e coordenadora do Curso de Fisioterapia.<\/p>\n<p><img loading=\"lazy\" decoding=\"async\" class=\"alignnone size-full wp-image-57569\" src=\"https:\/\/jorgezanoni.com.br\/2019\/wp-content\/uploads\/2021\/12\/Profa.-Ma.-Patricia-Braz-docente-e-Responsavel-Tecnica-da-Fisioclinica.jpg\" alt=\"\" width=\"960\" height=\"1280\" srcset=\"https:\/\/jorgezanoni.com.br\/2019\/wp-content\/uploads\/2021\/12\/Profa.-Ma.-Patricia-Braz-docente-e-Responsavel-Tecnica-da-Fisioclinica.jpg 960w, https:\/\/jorgezanoni.com.br\/2019\/wp-content\/uploads\/2021\/12\/Profa.-Ma.-Patricia-Braz-docente-e-Responsavel-Tecnica-da-Fisioclinica-225x300.jpg 225w, https:\/\/jorgezanoni.com.br\/2019\/wp-content\/uploads\/2021\/12\/Profa.-Ma.-Patricia-Braz-docente-e-Responsavel-Tecnica-da-Fisioclinica-768x1024.jpg 768w, https:\/\/jorgezanoni.com.br\/2019\/wp-content\/uploads\/2021\/12\/Profa.-Ma.-Patricia-Braz-docente-e-Responsavel-Tecnica-da-Fisioclinica-696x928.jpg 696w, https:\/\/jorgezanoni.com.br\/2019\/wp-content\/uploads\/2021\/12\/Profa.-Ma.-Patricia-Braz-docente-e-Responsavel-Tecnica-da-Fisioclinica-315x420.jpg 315w\" sizes=\"auto, (max-width: 960px) 100vw, 960px\" \/>Profa. Ma. Patr\u00edcia Braz, docente e Respons\u00e1vel T\u00e9cnica da Fisioclinica.<\/p>\n","protected":false},"excerpt":{"rendered":"<p>S\u00e9rgio Barbosa \/ UniFAI No meu caso em especial, escrever sobre o Curso de Fisioterapia na perspectiva cr\u00edtica e solid\u00e1ria das atividades desenvolvidas por meio da Fisiocl\u00ednica, pode ser uma vantagem como pelo olhar do Paciente, por\u00e9m, torna-se complexo quando se trata de escrever especificamente sobre o Curso. Entretanto, entendo que se faz necess\u00e1rio tentar [&hellip;]<\/p>\n","protected":false},"author":1,"featured_media":57570,"comment_status":"closed","ping_status":"open","sticky":false,"template":"","format":"standard","meta":{"footnotes":""},"categories":[122],"tags":[],"class_list":["post-57567","post","type-post","status-publish","format-standard","has-post-thumbnail","hentry","category-saudeeducacaoeconcurso"],"_links":{"self":[{"href":"https:\/\/jorgezanoni.com.br\/2019\/wp-json\/wp\/v2\/posts\/57567","targetHints":{"allow":["GET"]}}],"collection":[{"href":"https:\/\/jorgezanoni.com.br\/2019\/wp-json\/wp\/v2\/posts"}],"about":[{"href":"https:\/\/jorgezanoni.com.br\/2019\/wp-json\/wp\/v2\/types\/post"}],"author":[{"embeddable":true,"href":"https:\/\/jorgezanoni.com.br\/2019\/wp-json\/wp\/v2\/users\/1"}],"replies":[{"embeddable":true,"href":"https:\/\/jorgezanoni.com.br\/2019\/wp-json\/wp\/v2\/comments?post=57567"}],"version-history":[{"count":0,"href":"https:\/\/jorgezanoni.com.br\/2019\/wp-json\/wp\/v2\/posts\/57567\/revisions"}],"wp:featuredmedia":[{"embeddable":true,"href":"https:\/\/jorgezanoni.com.br\/2019\/wp-json\/wp\/v2\/media\/57570"}],"wp:attachment":[{"href":"https:\/\/jorgezanoni.com.br\/2019\/wp-json\/wp\/v2\/media?parent=57567"}],"wp:term":[{"taxonomy":"category","embeddable":true,"href":"https:\/\/jorgezanoni.com.br\/2019\/wp-json\/wp\/v2\/categories?post=57567"},{"taxonomy":"post_tag","embeddable":true,"href":"https:\/\/jorgezanoni.com.br\/2019\/wp-json\/wp\/v2\/tags?post=57567"}],"curies":[{"name":"wp","href":"https:\/\/api.w.org\/{rel}","templated":true}]}}