{"id":57535,"date":"2021-12-14T21:40:05","date_gmt":"2021-12-14T21:40:05","guid":{"rendered":"https:\/\/jorgezanoni.com.br\/2019\/?p=57535"},"modified":"2021-12-14T21:40:05","modified_gmt":"2021-12-14T21:40:05","slug":"comecou-nesta-segunda-feira-a-operacao-final-de-ano-mais-seguro-da-policia-militar","status":"publish","type":"post","link":"https:\/\/jorgezanoni.com.br\/2019\/comecou-nesta-segunda-feira-a-operacao-final-de-ano-mais-seguro-da-policia-militar\/","title":{"rendered":"Come\u00e7ou nesta segunda-feira a Opera\u00e7\u00e3o Final de Ano mais Seguro da Pol\u00edcia Militar"},"content":{"rendered":"<p style=\"text-align: justify;\">Come\u00e7ou na data de ontem (13) a Opera\u00e7\u00e3o Final de ano mais Seguro, que abranger\u00e1 algumas cidades da regi\u00e3o, sendo empregado o efetivo que trabalha no administrativo e os policiais que est\u00e3o nas folgas. Essa opera\u00e7\u00e3o ter\u00e1 seu t\u00e9rmino dia 30\/12, e tem como principal objetivo a preserva\u00e7\u00e3o da ordem p\u00fablica nas \u00e1reas comerciais devido ao maior fluxo de pessoas nessa \u00e9poca do ano.<\/p>\n<p style=\"text-align: justify;\">#25BPMI<br \/>\n#cpi8<br \/>\n#POLICIAMILITARSP<br \/>\n#AFOR\u00c7AP\u00daBLICADES\u00c3OPAULO<\/p>\n","protected":false},"excerpt":{"rendered":"<p>Come\u00e7ou na data de ontem (13) a Opera\u00e7\u00e3o Final de ano mais Seguro, que abranger\u00e1 algumas cidades da regi\u00e3o, sendo empregado o efetivo que trabalha no administrativo e os policiais que est\u00e3o nas folgas. Essa opera\u00e7\u00e3o ter\u00e1 seu t\u00e9rmino dia 30\/12, e tem como principal objetivo a preserva\u00e7\u00e3o da ordem p\u00fablica nas \u00e1reas comerciais devido [&hellip;]<\/p>\n","protected":false},"author":1,"featured_media":57536,"comment_status":"closed","ping_status":"open","sticky":false,"template":"","format":"standard","meta":{"footnotes":""},"categories":[110,2],"tags":[],"class_list":["post-57535","post","type-post","status-publish","format-standard","has-post-thumbnail","hentry","category-noticiasdestaque","category-policial"],"_links":{"self":[{"href":"https:\/\/jorgezanoni.com.br\/2019\/wp-json\/wp\/v2\/posts\/57535","targetHints":{"allow":["GET"]}}],"collection":[{"href":"https:\/\/jorgezanoni.com.br\/2019\/wp-json\/wp\/v2\/posts"}],"about":[{"href":"https:\/\/jorgezanoni.com.br\/2019\/wp-json\/wp\/v2\/types\/post"}],"author":[{"embeddable":true,"href":"https:\/\/jorgezanoni.com.br\/2019\/wp-json\/wp\/v2\/users\/1"}],"replies":[{"embeddable":true,"href":"https:\/\/jorgezanoni.com.br\/2019\/wp-json\/wp\/v2\/comments?post=57535"}],"version-history":[{"count":0,"href":"https:\/\/jorgezanoni.com.br\/2019\/wp-json\/wp\/v2\/posts\/57535\/revisions"}],"wp:featuredmedia":[{"embeddable":true,"href":"https:\/\/jorgezanoni.com.br\/2019\/wp-json\/wp\/v2\/media\/57536"}],"wp:attachment":[{"href":"https:\/\/jorgezanoni.com.br\/2019\/wp-json\/wp\/v2\/media?parent=57535"}],"wp:term":[{"taxonomy":"category","embeddable":true,"href":"https:\/\/jorgezanoni.com.br\/2019\/wp-json\/wp\/v2\/categories?post=57535"},{"taxonomy":"post_tag","embeddable":true,"href":"https:\/\/jorgezanoni.com.br\/2019\/wp-json\/wp\/v2\/tags?post=57535"}],"curies":[{"name":"wp","href":"https:\/\/api.w.org\/{rel}","templated":true}]}}