{"id":57529,"date":"2021-12-14T20:15:46","date_gmt":"2021-12-14T20:15:46","guid":{"rendered":"https:\/\/jorgezanoni.com.br\/2019\/?p=57529"},"modified":"2021-12-14T20:16:51","modified_gmt":"2021-12-14T20:16:51","slug":"dracena-tem-dois-casos-de-covid-19-em-alunos-segundo-educacao-municipal","status":"publish","type":"post","link":"https:\/\/jorgezanoni.com.br\/2019\/dracena-tem-dois-casos-de-covid-19-em-alunos-segundo-educacao-municipal\/","title":{"rendered":"Dracena tem dois casos de COVID-19 em alunos segundo Educa\u00e7\u00e3o Municipal"},"content":{"rendered":"<p style=\"text-align: justify;\"><strong>A Secretaria Municipal de Educa\u00e7\u00e3o de Dracena confirmou agora nesta tarde de ter\u00e7a-feira, 14\/12, mais um caso positivo de covid em aluno da rede municipal de ensino. Trata-se de um estudante da Emefi Moacir Simardi.<\/strong><\/p>\n<p style=\"text-align: justify;\">Hoje, a Educa\u00e7\u00e3o registrou dois casos positivos de alunos com Covid. H\u00e1 pouco a informa\u00e7\u00e3o foi de um aluno da Emefi Ott\u00edlia Braz Noguerol.<br \/>\nA secret\u00e1ria Juliana Corr\u00eaa informou que assim como na Ott\u00edlia, no Moacir tamb\u00e9m n\u00e3o haver\u00e1 aula amanh\u00e3, 15, retornando na quinta-feira, 16, devido \u00e0 higieniza\u00e7\u00e3o nas duas unidades de ensino.<br \/>\nAs provid\u00eancias j\u00e1 foram tomadas pela Educa\u00e7\u00e3o, com a dire\u00e7\u00e3o da escola Moacir tamb\u00e9m comunicando aos pais de alunos que estudam juntos aos que apresentou a covid, para que em caso de quaisquer sintomas gripais que procurem pelo CEMAC. O CEMAC far\u00e1 o monitoramento.<br \/>\nDracena n\u00e3o registrava confirma\u00e7\u00f5es de covid na cidade desde o dia 9\/12, conforme a Vigil\u00e2ncia Epidemiol\u00f3gica.<\/p>\n<p style=\"text-align: justify;\">Fonte: Diretoria de Comunica\u00e7\u00e3o<\/p>\n","protected":false},"excerpt":{"rendered":"<p>A Secretaria Municipal de Educa\u00e7\u00e3o de Dracena confirmou agora nesta tarde de ter\u00e7a-feira, 14\/12, mais um caso positivo de covid em aluno da rede municipal de ensino. Trata-se de um estudante da Emefi Moacir Simardi. Hoje, a Educa\u00e7\u00e3o registrou dois casos positivos de alunos com Covid. H\u00e1 pouco a informa\u00e7\u00e3o foi de um aluno da [&hellip;]<\/p>\n","protected":false},"author":1,"featured_media":57530,"comment_status":"closed","ping_status":"open","sticky":false,"template":"","format":"standard","meta":{"footnotes":""},"categories":[179,184,110],"tags":[],"class_list":["post-57529","post","type-post","status-publish","format-standard","has-post-thumbnail","hentry","category-cidadeseregiao","category-dracena","category-noticiasdestaque"],"_links":{"self":[{"href":"https:\/\/jorgezanoni.com.br\/2019\/wp-json\/wp\/v2\/posts\/57529","targetHints":{"allow":["GET"]}}],"collection":[{"href":"https:\/\/jorgezanoni.com.br\/2019\/wp-json\/wp\/v2\/posts"}],"about":[{"href":"https:\/\/jorgezanoni.com.br\/2019\/wp-json\/wp\/v2\/types\/post"}],"author":[{"embeddable":true,"href":"https:\/\/jorgezanoni.com.br\/2019\/wp-json\/wp\/v2\/users\/1"}],"replies":[{"embeddable":true,"href":"https:\/\/jorgezanoni.com.br\/2019\/wp-json\/wp\/v2\/comments?post=57529"}],"version-history":[{"count":0,"href":"https:\/\/jorgezanoni.com.br\/2019\/wp-json\/wp\/v2\/posts\/57529\/revisions"}],"wp:featuredmedia":[{"embeddable":true,"href":"https:\/\/jorgezanoni.com.br\/2019\/wp-json\/wp\/v2\/media\/57530"}],"wp:attachment":[{"href":"https:\/\/jorgezanoni.com.br\/2019\/wp-json\/wp\/v2\/media?parent=57529"}],"wp:term":[{"taxonomy":"category","embeddable":true,"href":"https:\/\/jorgezanoni.com.br\/2019\/wp-json\/wp\/v2\/categories?post=57529"},{"taxonomy":"post_tag","embeddable":true,"href":"https:\/\/jorgezanoni.com.br\/2019\/wp-json\/wp\/v2\/tags?post=57529"}],"curies":[{"name":"wp","href":"https:\/\/api.w.org\/{rel}","templated":true}]}}