{"id":57523,"date":"2021-12-14T19:51:40","date_gmt":"2021-12-14T19:51:40","guid":{"rendered":"https:\/\/jorgezanoni.com.br\/2019\/?p=57523"},"modified":"2021-12-14T19:51:40","modified_gmt":"2021-12-14T19:51:40","slug":"ampliacao-do-atendimento-medico-em-dracena-e-pauta-na-secretaria-estadual-de-saude","status":"publish","type":"post","link":"https:\/\/jorgezanoni.com.br\/2019\/ampliacao-do-atendimento-medico-em-dracena-e-pauta-na-secretaria-estadual-de-saude\/","title":{"rendered":"Amplia\u00e7\u00e3o do atendimento m\u00e9dico em Dracena \u00e9 pauta na Secretaria Estadual de Sa\u00fade"},"content":{"rendered":"<div class=\"kvgmc6g5 cxmmr5t8 oygrvhab hcukyx3x c1et5uql\">\n<div dir=\"auto\" style=\"text-align: justify;\"><strong>Nesta ter\u00e7a-feira, 14, o deputado Mauro Bragato e uma comitiva dracenense estiveram em audi\u00eancia com o secret\u00e1rio estadual da Sa\u00fade, Jean Gorinchteyn, para debater a amplia\u00e7\u00e3o do atendimento m\u00e9dico da Santa Casa de Dracena.<\/strong><\/div>\n<div dir=\"auto\"><\/div>\n<\/div>\n<div class=\"cxmmr5t8 oygrvhab hcukyx3x c1et5uql o9v6fnle\" style=\"text-align: justify;\">\n<div dir=\"auto\">Estiveram presentes o prefeito Andr\u00e9 Lemos, os representantes da Fundec Edson Kai (diretor executivo) e Fernando Nunes (secret\u00e1rio assistente), o presidente da Associa\u00e7\u00e3o Comercial de Dracena Luciano Gerlin, os representantes da Santa Casa de Dracena Celso Xavier Santin (provedor), Alessandro Mendes (superintendente) e Hermes Tamura (vice-presidente) e Amarildo Rugani, vice-presidente do Diret\u00f3rio Municipal do PSDB.<\/div>\n<\/div>\n<div class=\"cxmmr5t8 oygrvhab hcukyx3x c1et5uql o9v6fnle\" style=\"text-align: justify;\">\n<div dir=\"auto\">O objetivo da reuni\u00e3o foi buscar uma parceria que envolva o executivo paulista e a Santa Casa de Dracena no oferecimento da especialidade terci\u00e1ria de alta complexidade de neurocirurgia e hemodin\u00e2mica \u00e0 popula\u00e7\u00e3o da regi\u00e3o, que conta com as parcerias da Prefeitura de Dracena e do curso de Medicina da Unifadra, mantida pela Fundec.<\/div>\n<\/div>\n<div class=\"cxmmr5t8 oygrvhab hcukyx3x c1et5uql o9v6fnle\" style=\"text-align: justify;\">\n<div dir=\"auto\">Na oportunidade, os representantes da Santa Casa tamb\u00e9m pleitearam mais dez leitos de UTI (Unidade de Terapia Intensiva).<\/div>\n<\/div>\n<div dir=\"auto\"><\/div>\n<div dir=\"auto\"><img loading=\"lazy\" decoding=\"async\" class=\"alignnone size-full wp-image-57526\" src=\"https:\/\/jorgezanoni.com.br\/2019\/wp-content\/uploads\/2021\/12\/saude1.jpg\" alt=\"\" width=\"1280\" height=\"576\" srcset=\"https:\/\/jorgezanoni.com.br\/2019\/wp-content\/uploads\/2021\/12\/saude1.jpg 1280w, https:\/\/jorgezanoni.com.br\/2019\/wp-content\/uploads\/2021\/12\/saude1-300x135.jpg 300w, https:\/\/jorgezanoni.com.br\/2019\/wp-content\/uploads\/2021\/12\/saude1-1024x461.jpg 1024w, https:\/\/jorgezanoni.com.br\/2019\/wp-content\/uploads\/2021\/12\/saude1-768x346.jpg 768w, https:\/\/jorgezanoni.com.br\/2019\/wp-content\/uploads\/2021\/12\/saude1-696x313.jpg 696w, https:\/\/jorgezanoni.com.br\/2019\/wp-content\/uploads\/2021\/12\/saude1-1068x481.jpg 1068w, https:\/\/jorgezanoni.com.br\/2019\/wp-content\/uploads\/2021\/12\/saude1-933x420.jpg 933w\" sizes=\"auto, (max-width: 1280px) 100vw, 1280px\" \/> <img loading=\"lazy\" decoding=\"async\" class=\"alignnone size-full wp-image-57527\" src=\"https:\/\/jorgezanoni.com.br\/2019\/wp-content\/uploads\/2021\/12\/saude2.jpg\" alt=\"\" width=\"1217\" height=\"576\" srcset=\"https:\/\/jorgezanoni.com.br\/2019\/wp-content\/uploads\/2021\/12\/saude2.jpg 1217w, https:\/\/jorgezanoni.com.br\/2019\/wp-content\/uploads\/2021\/12\/saude2-300x142.jpg 300w, https:\/\/jorgezanoni.com.br\/2019\/wp-content\/uploads\/2021\/12\/saude2-1024x485.jpg 1024w, https:\/\/jorgezanoni.com.br\/2019\/wp-content\/uploads\/2021\/12\/saude2-768x363.jpg 768w, https:\/\/jorgezanoni.com.br\/2019\/wp-content\/uploads\/2021\/12\/saude2-696x329.jpg 696w, https:\/\/jorgezanoni.com.br\/2019\/wp-content\/uploads\/2021\/12\/saude2-1068x505.jpg 1068w, https:\/\/jorgezanoni.com.br\/2019\/wp-content\/uploads\/2021\/12\/saude2-887x420.jpg 887w\" sizes=\"auto, (max-width: 1217px) 100vw, 1217px\" \/><\/div>\n<div dir=\"auto\" style=\"text-align: justify;\"><\/div>\n<div dir=\"auto\" style=\"text-align: justify;\">VEJA V\u00cdDEO NO LINK:\u00a0https:\/\/www.facebook.com\/watch\/?v=3016595498580018&amp;extid=CL-UNK-UNK-UNK-AN_GK0T-GK1C&amp;ref=sharing<\/div>\n<div dir=\"auto\"><\/div>\n<div dir=\"auto\">Fonte: Fundec<\/div>\n","protected":false},"excerpt":{"rendered":"<p>Nesta ter\u00e7a-feira, 14, o deputado Mauro Bragato e uma comitiva dracenense estiveram em audi\u00eancia com o secret\u00e1rio estadual da Sa\u00fade, Jean Gorinchteyn, para debater a amplia\u00e7\u00e3o do atendimento m\u00e9dico da Santa Casa de Dracena. Estiveram presentes o prefeito Andr\u00e9 Lemos, os representantes da Fundec Edson Kai (diretor executivo) e Fernando Nunes (secret\u00e1rio assistente), o presidente [&hellip;]<\/p>\n","protected":false},"author":1,"featured_media":57525,"comment_status":"closed","ping_status":"open","sticky":false,"template":"","format":"standard","meta":{"footnotes":""},"categories":[110,122],"tags":[],"class_list":["post-57523","post","type-post","status-publish","format-standard","has-post-thumbnail","hentry","category-noticiasdestaque","category-saudeeducacaoeconcurso"],"_links":{"self":[{"href":"https:\/\/jorgezanoni.com.br\/2019\/wp-json\/wp\/v2\/posts\/57523","targetHints":{"allow":["GET"]}}],"collection":[{"href":"https:\/\/jorgezanoni.com.br\/2019\/wp-json\/wp\/v2\/posts"}],"about":[{"href":"https:\/\/jorgezanoni.com.br\/2019\/wp-json\/wp\/v2\/types\/post"}],"author":[{"embeddable":true,"href":"https:\/\/jorgezanoni.com.br\/2019\/wp-json\/wp\/v2\/users\/1"}],"replies":[{"embeddable":true,"href":"https:\/\/jorgezanoni.com.br\/2019\/wp-json\/wp\/v2\/comments?post=57523"}],"version-history":[{"count":0,"href":"https:\/\/jorgezanoni.com.br\/2019\/wp-json\/wp\/v2\/posts\/57523\/revisions"}],"wp:featuredmedia":[{"embeddable":true,"href":"https:\/\/jorgezanoni.com.br\/2019\/wp-json\/wp\/v2\/media\/57525"}],"wp:attachment":[{"href":"https:\/\/jorgezanoni.com.br\/2019\/wp-json\/wp\/v2\/media?parent=57523"}],"wp:term":[{"taxonomy":"category","embeddable":true,"href":"https:\/\/jorgezanoni.com.br\/2019\/wp-json\/wp\/v2\/categories?post=57523"},{"taxonomy":"post_tag","embeddable":true,"href":"https:\/\/jorgezanoni.com.br\/2019\/wp-json\/wp\/v2\/tags?post=57523"}],"curies":[{"name":"wp","href":"https:\/\/api.w.org\/{rel}","templated":true}]}}