{"id":57507,"date":"2021-12-14T13:50:46","date_gmt":"2021-12-14T13:50:46","guid":{"rendered":"https:\/\/jorgezanoni.com.br\/2019\/?p=57507"},"modified":"2021-12-14T13:50:46","modified_gmt":"2021-12-14T13:50:46","slug":"ii-camed-da-unifadra-dracena-reuniu-150-participantes","status":"publish","type":"post","link":"https:\/\/jorgezanoni.com.br\/2019\/ii-camed-da-unifadra-dracena-reuniu-150-participantes\/","title":{"rendered":"II CAMED da Unifadra Dracena reuniu 150 participantes"},"content":{"rendered":"<p style=\"text-align: justify;\"><span style=\"font-size: large;\">O II Congresso Acad\u00eamico de Medicina de Dracena (CAMED), organizado pelo Centro Acad\u00eamico Maria Bras\u00edlia Leme Lopes (CAMBRA) em parceria com a Unifadra, reuniu 150 participantes nos dias 18 a 20 de novembro.<\/span><\/p>\n<p><span style=\"font-size: large;\">O evento foi presencial, com o ciclo de palestras realizado na Associa\u00e7\u00e3o Paulista de Medicina (APM) de Dracena e as apresenta\u00e7\u00f5es dos trabalhos cient\u00edficos no Audit\u00f3rio &#8220;Prof. Geraldo Mariano Alves&#8221;, nas instala\u00e7\u00f5es da Fundec, mantenedora da Unifadra Dracena.<\/span><\/p>\n<p><span style=\"font-size: large;\">O II CAMED foi prestigiado com a presen\u00e7a do prefeito Andr\u00e9 Lemos e da secret\u00e1ria adjunta de Sa\u00fade Geni Pesin e, ap\u00f3s a abertura, os organizadores homenagearam a\u00a0<\/span>Profa. Dra.<span style=\"font-size: large;\">\u00a0Marilda Aparecida Milanez Morgado de Abreu, coordenadora do curso de Medicina da Unifadra. Ela recebeu o reconhecimento dos alunos por sua trajet\u00f3ria profissional como respeitada m\u00e9dica dermatologista, al\u00e9m do relevante curr\u00edculo na doc\u00eancia de Medicina e sua atua\u00e7\u00e3o para a implanta\u00e7\u00e3o do curso na Unifadra Dracena.<\/span><\/p>\n<p><span style=\"font-size: large;\">A Dra. Marilda agradeceu a homenagem e destacou estar &#8220;emocionada e envaidecida&#8221; e finalizou: &#8220;espero estar fazendo alguma diferen\u00e7a na vida de voc\u00eas [acad\u00eamicos]. Este momento ficar\u00e1 marcado em minha vida como de muita emo\u00e7\u00e3o. Obrigada!&#8221;<\/span><\/p>\n<p><span style=\"font-size: large;\">A primeira palestra do II CAMED foi realizada virtualmente pelo presidente da APM, Jos\u00e9 Luiz Gomes do Amaral, que trouxe um tema atual e abordou os limites e as oportunidades da telemedicina. Presencialmente, o m\u00e9dico cirurgi\u00e3o geral Moabe Rezende de Lima falou sobre o controle de danos no trauma e a m\u00e9dica ginecologista e obstetra Tassiane Keller Stivari Mantovaneli falou sobre os m\u00e9todos anticoncepcionais revers\u00edveis de longa dura\u00e7\u00e3o.<\/span><\/p>\n<p><span style=\"font-size: large;\">No dia 19, os palestrantes foram a m\u00e9dica dermatologista Mariana Penha (Crescimento capilar e alopecias), o advogado especialista em Direito da Medicina Stefano Cocenza (O cen\u00e1rio atual da judicializa\u00e7\u00e3o da sa\u00fade), o especialista em Gest\u00e3o Empresarial Felipe Santinoni (Como construir sua independ\u00eancia financeira em 4 passos) e a m\u00e9dica cirurgi\u00e3 pedi\u00e1trica Maria do Socorro Mendon\u00e7a de Campos (Patologias cir\u00fargicas mais frequentes nas crian\u00e7as).<\/span><\/p>\n<p><span style=\"font-size: large;\">No dia 20, houve a apresenta\u00e7\u00e3o dos trabalhos selecionados pela banca avaliadora:\u00a0<\/span>Profa. Dra.<span style=\"font-size: large;\">\u00a0Priscilla Aparecida Tartari Pereira, Profa.\u00a0<\/span>Dra.<span style=\"font-size: large;\">\u00a0Leonice Domingos dos Santos Cintra Lima,\u00a0<\/span>Prof. Dr.<span style=\"font-size: large;\">\u00a0Erico Torrieri, Prof.\u00a0<\/span>Dr.<span style=\"font-size: large;\">\u00a0Caio Ferreira de Oliveira, Profa. Ma. Carla Sola Deponte\u00a0<\/span>e Profa.<span style=\"font-size: large;\">\u00a0Esp. Dayane Araujo Luzia.<\/span><\/p>\n<p><span style=\"font-size: large;\">O II CAMED ainda estabeleceu a Men\u00e7\u00e3o Honrosa Dr. Haroldo\u00a0<\/span>Deponte,<span style=\"font-size: large;\">\u00a0uma premia\u00e7\u00e3o ao melhor trabalho do ano que leva o nome do m\u00e9dico homenageado (in memoriam) na primeira edi\u00e7\u00e3o do evento. O aluno Victor Augusto de Oliveira Mattara recebeu a Men\u00e7\u00e3o Honrosa Dr. Haroldo\u00a0<\/span>Deponte<span style=\"font-size: large;\">\u00a0pelo trabalho Ectopia cervical e seu impacto na sa\u00fade da mulher (orientadora: L\u00edgia Maria Silva).<\/span><\/p>\n<p><span style=\"font-size: large;\">O diretor acad\u00eamico da Unifadra\u00a0<\/span>Prof. Dr.<span style=\"font-size: large;\">\u00a0Enio Garbelini destacou a import\u00e2ncia do evento para a integra\u00e7\u00e3o dos alunos, o aprendizado na organiza\u00e7\u00e3o do evento, o contato com os diferentes profissionais e a troca de informa\u00e7\u00f5es e experi\u00eancias durante o CAMED. Al\u00e9m disso, ressaltou a qualidade dos trabalhos apresentados e parabenizou a todos pelo sucesso do evento.<\/span><\/p>\n<p><span style=\"font-size: large;\">O II CAMED foi presidido pela docente Profa. Esp. Aline Damasceno, m\u00e9dica em Cirurgia Geral e coordenadora da UTI Covid-19 da Santa Casa de Dracena, e pelo discente Daniel Cremon Raduan Miguel, acad\u00eamico do 6\u00ba termo de Medicina da Unifadra Dracena.<\/span><\/p>\n<p><img loading=\"lazy\" decoding=\"async\" class=\"alignnone size-full wp-image-57508\" src=\"https:\/\/jorgezanoni.com.br\/2019\/wp-content\/uploads\/2021\/12\/camed.jpg\" alt=\"\" width=\"900\" height=\"506\" srcset=\"https:\/\/jorgezanoni.com.br\/2019\/wp-content\/uploads\/2021\/12\/camed.jpg 900w, https:\/\/jorgezanoni.com.br\/2019\/wp-content\/uploads\/2021\/12\/camed-300x169.jpg 300w, https:\/\/jorgezanoni.com.br\/2019\/wp-content\/uploads\/2021\/12\/camed-768x432.jpg 768w, https:\/\/jorgezanoni.com.br\/2019\/wp-content\/uploads\/2021\/12\/camed-696x391.jpg 696w, https:\/\/jorgezanoni.com.br\/2019\/wp-content\/uploads\/2021\/12\/camed-747x420.jpg 747w\" sizes=\"auto, (max-width: 900px) 100vw, 900px\" \/> <img loading=\"lazy\" decoding=\"async\" class=\"alignnone size-full wp-image-57509\" src=\"https:\/\/jorgezanoni.com.br\/2019\/wp-content\/uploads\/2021\/12\/camed1.jpg\" alt=\"\" width=\"674\" height=\"506\" srcset=\"https:\/\/jorgezanoni.com.br\/2019\/wp-content\/uploads\/2021\/12\/camed1.jpg 674w, https:\/\/jorgezanoni.com.br\/2019\/wp-content\/uploads\/2021\/12\/camed1-300x225.jpg 300w, https:\/\/jorgezanoni.com.br\/2019\/wp-content\/uploads\/2021\/12\/camed1-80x60.jpg 80w, https:\/\/jorgezanoni.com.br\/2019\/wp-content\/uploads\/2021\/12\/camed1-265x198.jpg 265w, https:\/\/jorgezanoni.com.br\/2019\/wp-content\/uploads\/2021\/12\/camed1-559x420.jpg 559w\" sizes=\"auto, (max-width: 674px) 100vw, 674px\" \/> <img loading=\"lazy\" decoding=\"async\" class=\"alignnone size-full wp-image-57510\" src=\"https:\/\/jorgezanoni.com.br\/2019\/wp-content\/uploads\/2021\/12\/camed2.jpg\" alt=\"\" width=\"900\" height=\"506\" srcset=\"https:\/\/jorgezanoni.com.br\/2019\/wp-content\/uploads\/2021\/12\/camed2.jpg 900w, https:\/\/jorgezanoni.com.br\/2019\/wp-content\/uploads\/2021\/12\/camed2-300x169.jpg 300w, https:\/\/jorgezanoni.com.br\/2019\/wp-content\/uploads\/2021\/12\/camed2-768x432.jpg 768w, https:\/\/jorgezanoni.com.br\/2019\/wp-content\/uploads\/2021\/12\/camed2-696x391.jpg 696w, https:\/\/jorgezanoni.com.br\/2019\/wp-content\/uploads\/2021\/12\/camed2-747x420.jpg 747w\" sizes=\"auto, (max-width: 900px) 100vw, 900px\" \/>Fonte: Depto. Comunica\u00e7\u00e3o Fundec<\/p>\n","protected":false},"excerpt":{"rendered":"<p>O II Congresso Acad\u00eamico de Medicina de Dracena (CAMED), organizado pelo Centro Acad\u00eamico Maria Bras\u00edlia Leme Lopes (CAMBRA) em parceria com a Unifadra, reuniu 150 participantes nos dias 18 a 20 de novembro. O evento foi presencial, com o ciclo de palestras realizado na Associa\u00e7\u00e3o Paulista de Medicina (APM) de Dracena e as apresenta\u00e7\u00f5es dos [&hellip;]<\/p>\n","protected":false},"author":1,"featured_media":57511,"comment_status":"closed","ping_status":"open","sticky":false,"template":"","format":"standard","meta":{"footnotes":""},"categories":[110,122],"tags":[],"class_list":["post-57507","post","type-post","status-publish","format-standard","has-post-thumbnail","hentry","category-noticiasdestaque","category-saudeeducacaoeconcurso"],"_links":{"self":[{"href":"https:\/\/jorgezanoni.com.br\/2019\/wp-json\/wp\/v2\/posts\/57507","targetHints":{"allow":["GET"]}}],"collection":[{"href":"https:\/\/jorgezanoni.com.br\/2019\/wp-json\/wp\/v2\/posts"}],"about":[{"href":"https:\/\/jorgezanoni.com.br\/2019\/wp-json\/wp\/v2\/types\/post"}],"author":[{"embeddable":true,"href":"https:\/\/jorgezanoni.com.br\/2019\/wp-json\/wp\/v2\/users\/1"}],"replies":[{"embeddable":true,"href":"https:\/\/jorgezanoni.com.br\/2019\/wp-json\/wp\/v2\/comments?post=57507"}],"version-history":[{"count":0,"href":"https:\/\/jorgezanoni.com.br\/2019\/wp-json\/wp\/v2\/posts\/57507\/revisions"}],"wp:featuredmedia":[{"embeddable":true,"href":"https:\/\/jorgezanoni.com.br\/2019\/wp-json\/wp\/v2\/media\/57511"}],"wp:attachment":[{"href":"https:\/\/jorgezanoni.com.br\/2019\/wp-json\/wp\/v2\/media?parent=57507"}],"wp:term":[{"taxonomy":"category","embeddable":true,"href":"https:\/\/jorgezanoni.com.br\/2019\/wp-json\/wp\/v2\/categories?post=57507"},{"taxonomy":"post_tag","embeddable":true,"href":"https:\/\/jorgezanoni.com.br\/2019\/wp-json\/wp\/v2\/tags?post=57507"}],"curies":[{"name":"wp","href":"https:\/\/api.w.org\/{rel}","templated":true}]}}