{"id":57440,"date":"2021-12-10T23:53:20","date_gmt":"2021-12-10T23:53:20","guid":{"rendered":"https:\/\/jorgezanoni.com.br\/2019\/?p=57440"},"modified":"2021-12-10T23:53:20","modified_gmt":"2021-12-10T23:53:20","slug":"o-que-e-o-codependente-quimica-por-cidinha-pascoaloto","status":"publish","type":"post","link":"https:\/\/jorgezanoni.com.br\/2019\/o-que-e-o-codependente-quimica-por-cidinha-pascoaloto\/","title":{"rendered":"O que \u00e9 o codepend\u00eante qu\u00edmica?  (por Cidinha Pascoaloto)"},"content":{"rendered":"<p style=\"text-align: justify;\">\u00c9 um evento emocional que geralmente \u00e9 desenvolvido por pessoas que convivem com um\u00a0<a href=\"https:\/\/www.gruporecanto.com.br\/blog\/dependente-quimico\/\">dependente qu\u00edmico<\/a>.<\/p>\n<p style=\"text-align: justify;\">Ele \u00e9 caracterizado pela extrema dedica\u00e7\u00e3o ao membro da fam\u00edlia envolvido no consumo de drogas.\u00a0 O comportamento codependente \u00e9 expresso por pais ou mesmo c\u00f4njuges que t\u00eam contato direto com o usu\u00e1rio e se sentem respons\u00e1veis por ele.<\/p>\n<p style=\"text-align: justify;\">A tend\u00eancia \u00e9 que passem a viver em fun\u00e7\u00e3o do dependente assumindo a responsabilidade pelos problemas dele. Quando n\u00e3o existe a defini\u00e7\u00e3o de limites, e o desejo de ajudar se transforma em uma obsess\u00e3o deixam a pr\u00f3pria vida de lado. O dependente convive com o seu v\u00edcio sofre com os seus efeitos e o codependente faz o mesmo.<\/p>\n<p style=\"text-align: justify;\">\u00c9 preciso ficar atento a sinais de baixa autoestima quando o indiv\u00edduo s\u00f3 \u00e9 capaz de sentir verdadeiramente \u00fatil se est\u00e1 dispon\u00edvel para cuidar e resolver os problemas do usu\u00e1rio.<\/p>\n<p style=\"text-align: justify;\">Como consequ\u00eancia da busca incessante por controle aliada \u00e0 falta do tratamento adequado para o dependente a exaust\u00e3o emocional aparece.<\/p>\n<p style=\"text-align: justify;\">Afinal existe a culpa pelo quadro a vergonha em admitir que ele \u00e9 real, e a sensa\u00e7\u00e3o de fracasso por n\u00e3o conseguir limitar o comportamento abusivo do outro em rela\u00e7\u00e3o ao \u00e1lcool ou \u00e0s drogas.<\/p>\n<p style=\"text-align: justify;\">\u00c9 comum que as brigas se intensifiquem e que a\u00a0<a href=\"https:\/\/www.gruporecanto.com.br\/blog\/ansiedade-e-depressao\/\">ansiedade e a depress\u00e3o<\/a>\u00a0surjam ao longo do processo.<\/p>\n<p style=\"text-align: justify;\">\u00a0Quando o dependente se recupera \u00e9 comum que os sinais apresentados pelo codependente tamb\u00e9m se amenizem. A possibilidade de reca\u00edda do paciente e do codependente pode acontecer. \u00c9 fundamental prestar aten\u00e7\u00e3o \u00e0 gatilhos e evitar atitudes que conduzam o indiv\u00edduo novamente ao comportamento disfuncional.\u00a0 O tratamento \u00e9 feito com terapias e medicamentos.<\/p>\n<p style=\"text-align: justify;\">A <a href=\"https:\/\/www.gruporecanto.com.br\/blog\/importancia-da-familia-no-tratamento-da-dependencia-quimica\/\">ajuda da fam\u00edlia<\/a>\u00a0e dos entes queridos \u00e9 essencial para que o dependente possa superar o seu v\u00edcio e voltar a ter o controle da sua vida.<\/p>\n<p><img loading=\"lazy\" decoding=\"async\" class=\"alignnone size-full wp-image-57441\" src=\"https:\/\/jorgezanoni.com.br\/2019\/wp-content\/uploads\/2021\/12\/Cidinha-Pascoaloto-1.jpg\" alt=\"\" width=\"847\" height=\"1280\" srcset=\"https:\/\/jorgezanoni.com.br\/2019\/wp-content\/uploads\/2021\/12\/Cidinha-Pascoaloto-1.jpg 847w, https:\/\/jorgezanoni.com.br\/2019\/wp-content\/uploads\/2021\/12\/Cidinha-Pascoaloto-1-199x300.jpg 199w, https:\/\/jorgezanoni.com.br\/2019\/wp-content\/uploads\/2021\/12\/Cidinha-Pascoaloto-1-678x1024.jpg 678w, https:\/\/jorgezanoni.com.br\/2019\/wp-content\/uploads\/2021\/12\/Cidinha-Pascoaloto-1-768x1161.jpg 768w, https:\/\/jorgezanoni.com.br\/2019\/wp-content\/uploads\/2021\/12\/Cidinha-Pascoaloto-1-696x1052.jpg 696w, https:\/\/jorgezanoni.com.br\/2019\/wp-content\/uploads\/2021\/12\/Cidinha-Pascoaloto-1-278x420.jpg 278w\" sizes=\"auto, (max-width: 847px) 100vw, 847px\" \/><\/p>\n<p style=\"text-align: justify;\">Cidinha Pascoaloto-Psic\u00f3loga-CRP 06\/158174. Terapia Cognitivo Comportamental (TCC) com foco no Luto, Depress\u00e3o e Ansiedade Atendimento presencial e online, contato: (18) 99725-6418<\/p>\n<p>&nbsp;<\/p>\n","protected":false},"excerpt":{"rendered":"<p>\u00c9 um evento emocional que geralmente \u00e9 desenvolvido por pessoas que convivem com um\u00a0dependente qu\u00edmico. Ele \u00e9 caracterizado pela extrema dedica\u00e7\u00e3o ao membro da fam\u00edlia envolvido no consumo de drogas.\u00a0 O comportamento codependente \u00e9 expresso por pais ou mesmo c\u00f4njuges que t\u00eam contato direto com o usu\u00e1rio e se sentem respons\u00e1veis por ele. A tend\u00eancia [&hellip;]<\/p>\n","protected":false},"author":1,"featured_media":57442,"comment_status":"closed","ping_status":"open","sticky":false,"template":"","format":"standard","meta":{"footnotes":""},"categories":[175],"tags":[],"class_list":["post-57440","post","type-post","status-publish","format-standard","has-post-thumbnail","hentry","category-artigos"],"_links":{"self":[{"href":"https:\/\/jorgezanoni.com.br\/2019\/wp-json\/wp\/v2\/posts\/57440","targetHints":{"allow":["GET"]}}],"collection":[{"href":"https:\/\/jorgezanoni.com.br\/2019\/wp-json\/wp\/v2\/posts"}],"about":[{"href":"https:\/\/jorgezanoni.com.br\/2019\/wp-json\/wp\/v2\/types\/post"}],"author":[{"embeddable":true,"href":"https:\/\/jorgezanoni.com.br\/2019\/wp-json\/wp\/v2\/users\/1"}],"replies":[{"embeddable":true,"href":"https:\/\/jorgezanoni.com.br\/2019\/wp-json\/wp\/v2\/comments?post=57440"}],"version-history":[{"count":0,"href":"https:\/\/jorgezanoni.com.br\/2019\/wp-json\/wp\/v2\/posts\/57440\/revisions"}],"wp:featuredmedia":[{"embeddable":true,"href":"https:\/\/jorgezanoni.com.br\/2019\/wp-json\/wp\/v2\/media\/57442"}],"wp:attachment":[{"href":"https:\/\/jorgezanoni.com.br\/2019\/wp-json\/wp\/v2\/media?parent=57440"}],"wp:term":[{"taxonomy":"category","embeddable":true,"href":"https:\/\/jorgezanoni.com.br\/2019\/wp-json\/wp\/v2\/categories?post=57440"},{"taxonomy":"post_tag","embeddable":true,"href":"https:\/\/jorgezanoni.com.br\/2019\/wp-json\/wp\/v2\/tags?post=57440"}],"curies":[{"name":"wp","href":"https:\/\/api.w.org\/{rel}","templated":true}]}}