{"id":57436,"date":"2021-12-10T23:17:28","date_gmt":"2021-12-10T23:17:28","guid":{"rendered":"https:\/\/jorgezanoni.com.br\/2019\/?p=57436"},"modified":"2021-12-10T23:17:28","modified_gmt":"2021-12-10T23:17:28","slug":"diplomada-em-matematica-pela-unifai-e-aprovada-no-mestrado-da-ufabc","status":"publish","type":"post","link":"https:\/\/jorgezanoni.com.br\/2019\/diplomada-em-matematica-pela-unifai-e-aprovada-no-mestrado-da-ufabc\/","title":{"rendered":"Diplomada em Matem\u00e1tica pela UniFAI \u00e9 aprovada no Mestrado da UFABC"},"content":{"rendered":"<p style=\"text-align: justify;\"><strong>S\u00e9rgio Barbosa \/ UniFAI<\/strong><\/p>\n<p style=\"text-align: justify;\">Existem cursos de gradua\u00e7\u00e3o na UniFAI que est\u00e1 funcionando faz anos e anos, alguns desde o in\u00edcio da antiga FAFIA\/FEO, depois, FAI, por\u00e9m, quase nunca s\u00e3o destacados nas publica\u00e7\u00f5es, entretanto, torna-se fundamental que estes Cursos retomem os respectivos espa\u00e7os para uma aproxima\u00e7\u00e3o com este tempo novo tempo para a institui\u00e7\u00e3o.<\/p>\n<p style=\"text-align: justify;\">Portanto, todos (as) aqueles (as) que desenvolvem atividades diversas, ou seja, docentes, discentes e funcion\u00e1rios (as), est\u00e3o empenhados na promo\u00e7\u00e3o institucional visando o desenvolvimento organizacional da UniFAI como se fosse uma \u00fanica institui\u00e7\u00e3o de ensino.<\/p>\n<p style=\"text-align: justify;\">Neste contexto acad\u00eamico, registra-se a presen\u00e7a pedag\u00f3gica do Curso de Matem\u00e1tica para fazer a diferen\u00e7a na \u00e1rea das Ci\u00eancias Exatas, ainda, considerando que os n\u00fameros continuam fazendo a diferen\u00e7a para a expans\u00e3o do conhecimento em benef\u00edcio da humanidade.<\/p>\n<p style=\"text-align: justify;\"><strong>Hist\u00f3rico e destaques<\/strong><\/p>\n<p style=\"text-align: justify;\">Diz \u00e0 frase que \u201ctodos os caminhos levam a Roma\u201d, por\u00e9m, neste caso em especial, pode-se destacar que para a profa. Caroline Vilela dos Anjos, diplomada no Curso de Licenciatura em Matem\u00e1tica (Turma de 2.018), proporcionaram desafios e oportunidades, bem como, a realiza\u00e7\u00e3o do \u201csonho\u201d de ser professora, ainda, para atuar com qualifica\u00e7\u00e3o e compet\u00eancia na Educa\u00e7\u00e3o.<\/p>\n<p style=\"text-align: justify;\">Caroline afirma que \u201cTer conclu\u00eddo o curso que possui habilita\u00e7\u00e3o na mat\u00e9ria de F\u00edsica abriu novas portas dentro das escolas que trabalho e consequentemente o meu ingresso no t\u00e3o sonhado mestrado na UFABC- Universidade Federal do ABC\u201d.<\/p>\n<p style=\"text-align: justify;\">Portanto, registra-se a forma\u00e7\u00e3o acad\u00eamica no Curso com apoio dos docentes das disciplinas no per\u00edodo em que cumpriu as a\u00e7\u00f5es pedag\u00f3gicas, foram de fundamental import\u00e2ncia para a prepara\u00e7\u00e3o da Profa. Caroline quando aluna, por isso, faz quest\u00e3o de afirmar que \u201cOs professores do curso de Matem\u00e1tica da UniFAI s\u00e3o e sempre foram excepcionais! Sempre muito atenciosos fazendo o poss\u00edvel e o imposs\u00edvel pelo bem estar e pela continuidade e conclus\u00e3o do curso. Sou eternamente grata e tenho um enorme carinho pelos\u00a0 meus professores, como a Simone Leite, o Enio Garbelini, Lilian Fortuna, Jos\u00e9 Luiz Duarte (que foi meu professor no Ensino M\u00e9dio na E.E. Jos\u00e9 Firpo em Luc\u00e9lia), Jos\u00e9 Lu\u00eds Vieira (Em Memoria), Professor Francisco, e muitos outros que foram essenciais para mim!\u201d<\/p>\n<p style=\"text-align: justify;\"><strong>Atividades como Educadora<\/strong><\/p>\n<p style=\"text-align: justify;\">Atualmente, Caroline \u00e9 professora na Rede Elite de Ensino e tem resid\u00eancia na cidade de Mau\u00e1, regi\u00e3o do ABCDM paulista, tem uma segunda gradua\u00e7\u00e3o em Pedagogia, p\u00f3s-graduada em Metodologia do Ensino da Matem\u00e1tica e da F\u00edsica, ainda, Gest\u00e3o Educacional e Matem\u00e1tica Financeira e Estat\u00edstica (em andamento).<\/p>\n<p style=\"text-align: justify;\">Nesta rede de Ensino, teve a oportunidade de concluir um curso de &#8220;Escola de Coordenadores&#8221; promovido pelo Grupo Eleva de Comunica\u00e7\u00e3o, todavia, a Rede Elite de Ensino marcou presen\u00e7a e recebeu a condi\u00e7\u00e3o de destaque Nacional.<\/p>\n<p style=\"text-align: justify;\">Deve-se considerar que para Caroline, a forma\u00e7\u00e3o acad\u00eamica proporcionada pelo Curso de Matem\u00e1tica deve ser destacada de forma objetiva, tendo em vista \u201cque o curso de Licenciatura em Matem\u00e1tica da UNIFAI fez o mais importante em minha vida: realizou meu sonho de ser professora e me fez uma professora humana, com respeito e empatia pelos alunos. Ter conclu\u00eddo o curso que possui habilita\u00e7\u00e3o na mat\u00e9ria de F\u00edsica abriu novas portas dentro das escolas que trabalho e consequentemente o meu ingresso no t\u00e3o sonhado mestrado na UFABC.\u201d,<\/p>\n<p style=\"text-align: justify;\"><strong>Parab\u00e9ns e sucesso sempre<\/strong><\/p>\n<p style=\"text-align: justify;\">Os (as) docentes do curso de Matem\u00e1tica da UniFAI cumprimentam a profa. Caroline Vilela dos Anjos pelas conquistas na \u00e1rea da educa\u00e7\u00e3o, haja vista as etapas conquistadas com forma\u00e7\u00e3o na institui\u00e7\u00e3o, por\u00e9m, torna-se necess\u00e1rio a palavra da coordenadora do Curso, profa. Ma. Simone Leite Andrade para as suas considera\u00e7\u00f5es, a saber: \u201cA Caroline sempre foi uma aluna de destaque. Excelente, comprometida, disposta aos novos aprendizados e aos desafios. Com certeza todo o sucesso e as realiza\u00e7\u00f5es que ela colhe agora s\u00e3o frutos da sua dedica\u00e7\u00e3o e do amor ao que faz. Este novo percurso, que se inicia com a aprova\u00e7\u00e3o para o ingresso no mestrado, com certeza trar\u00e1 a ela a satisfa\u00e7\u00e3o de mais um sonho realizado e a n\u00f3s, docentes do curso de Matem\u00e1tica da UniFAI,\u00a0 o orgulho e a certeza de sabermos que estamos no caminho certo quanto \u00e0 forma\u00e7\u00e3o de nossos egressos. E que venham mais e mais conquistas!\u201d<\/p>\n<p style=\"text-align: justify;\">Ainda, o projeto aprovado da Profa. Caroline no curso de Mestrado da UFABC tem como objetivo a pesquisa sobre: &#8220;A Astronomia a partir do olhar tecnol\u00f3gico para os alunos do Ensino M\u00e9dio&#8221;.<\/p>\n<p style=\"text-align: justify;\">Foto Arquivo Pessoal &#8211; Profa. Caroline Vilela dos Anjos, mestranda em matem\u00e1tica na UFABC.<\/p>\n","protected":false},"excerpt":{"rendered":"<p>S\u00e9rgio Barbosa \/ UniFAI Existem cursos de gradua\u00e7\u00e3o na UniFAI que est\u00e1 funcionando faz anos e anos, alguns desde o in\u00edcio da antiga FAFIA\/FEO, depois, FAI, por\u00e9m, quase nunca s\u00e3o destacados nas publica\u00e7\u00f5es, entretanto, torna-se fundamental que estes Cursos retomem os respectivos espa\u00e7os para uma aproxima\u00e7\u00e3o com este tempo novo tempo para a institui\u00e7\u00e3o. Portanto, [&hellip;]<\/p>\n","protected":false},"author":1,"featured_media":57438,"comment_status":"closed","ping_status":"open","sticky":false,"template":"","format":"standard","meta":{"footnotes":""},"categories":[122],"tags":[],"class_list":["post-57436","post","type-post","status-publish","format-standard","has-post-thumbnail","hentry","category-saudeeducacaoeconcurso"],"_links":{"self":[{"href":"https:\/\/jorgezanoni.com.br\/2019\/wp-json\/wp\/v2\/posts\/57436","targetHints":{"allow":["GET"]}}],"collection":[{"href":"https:\/\/jorgezanoni.com.br\/2019\/wp-json\/wp\/v2\/posts"}],"about":[{"href":"https:\/\/jorgezanoni.com.br\/2019\/wp-json\/wp\/v2\/types\/post"}],"author":[{"embeddable":true,"href":"https:\/\/jorgezanoni.com.br\/2019\/wp-json\/wp\/v2\/users\/1"}],"replies":[{"embeddable":true,"href":"https:\/\/jorgezanoni.com.br\/2019\/wp-json\/wp\/v2\/comments?post=57436"}],"version-history":[{"count":0,"href":"https:\/\/jorgezanoni.com.br\/2019\/wp-json\/wp\/v2\/posts\/57436\/revisions"}],"wp:featuredmedia":[{"embeddable":true,"href":"https:\/\/jorgezanoni.com.br\/2019\/wp-json\/wp\/v2\/media\/57438"}],"wp:attachment":[{"href":"https:\/\/jorgezanoni.com.br\/2019\/wp-json\/wp\/v2\/media?parent=57436"}],"wp:term":[{"taxonomy":"category","embeddable":true,"href":"https:\/\/jorgezanoni.com.br\/2019\/wp-json\/wp\/v2\/categories?post=57436"},{"taxonomy":"post_tag","embeddable":true,"href":"https:\/\/jorgezanoni.com.br\/2019\/wp-json\/wp\/v2\/tags?post=57436"}],"curies":[{"name":"wp","href":"https:\/\/api.w.org\/{rel}","templated":true}]}}