{"id":57430,"date":"2021-12-10T21:52:00","date_gmt":"2021-12-10T21:52:00","guid":{"rendered":"https:\/\/jorgezanoni.com.br\/2019\/?p=57430"},"modified":"2021-12-10T21:52:00","modified_gmt":"2021-12-10T21:52:00","slug":"camara-de-dracena-celebra-aniversario-do-municipio-com-entrega-de-diploma-e-de-titulo-honorario","status":"publish","type":"post","link":"https:\/\/jorgezanoni.com.br\/2019\/camara-de-dracena-celebra-aniversario-do-municipio-com-entrega-de-diploma-e-de-titulo-honorario\/","title":{"rendered":"C\u00e2mara de Dracena celebra anivers\u00e1rio do munic\u00edpio com entrega de diploma e de t\u00edtulo honor\u00e1rio"},"content":{"rendered":"<p><strong>Homenagens foram realizadas na segunda, 6 de dezembro.<\/strong><\/p>\n<p style=\"text-align: justify;\">Dracena comemorou seu 76\u00ba anivers\u00e1rio e a C\u00e2mara celebrou a data com homenagens ao sr. Nelson Rodrigues de Almeida, com T\u00edtulo de Cidad\u00e3o Honor\u00e1rio, e o jovem Isaac Vin\u00edcius Silva Bonfim, com Diploma de Honra ao M\u00e9rito por ter sido eleito Atirador Destaque de 2021.<\/p>\n<p style=\"text-align: justify;\">Para compor a mesa principal, o presidente Claudinei Millan convidou, al\u00e9m dos homenageados da noite, o Capit\u00e3o PM Pedro \u00c2ngelo Miguez, o ex-presidente da C\u00e2mara Milton Polon, e a secret\u00e1ria de Gabinete, Governo e Desenvolvimento Econ\u00f4mico Thauana Duarte, representando o prefeito Andr\u00e9 Kozan Lemos.<\/p>\n<p style=\"text-align: justify;\">Em nome do Legislativo, o vereador Victor Palhares foi o orador da sess\u00e3o e usou a Tribuna para falar do anivers\u00e1rio de Dracena e da homenagem ao sr. Nelson. Em seu discurso, relembrou os momentos hist\u00f3ricos que comp\u00f5em a funda\u00e7\u00e3o do munic\u00edpio e seu desenvolvimento at\u00e9 os dias atuais. &#8220;Nesta oportunidade, quero aqui, agradecer tamb\u00e9m a todos os prefeitos e vereadores que deram continuidade nesse projeto ambicioso de nossos fundadores, fazendo com que nossa querida Dracena hoje possa ser uma das melhores cidades do nosso Brasil.&#8221;<\/p>\n<p style=\"text-align: justify;\">Ao falar do povo dracenense, saudou o sr. Nelson e exaltou a sua contribui\u00e7\u00e3o para o munic\u00edpio. &#8220;\u00c9 como o sr. Nelson, que milhares de Dracenenses, criaram a suas fam\u00edlias, com muito suor, com muita garra e com muita determina\u00e7\u00e3o (&#8230;) e viram a sua cidade crescer e prosperar. (&#8230;) Parabenizo nossa gente pela sua luta di\u00e1ria, parabenizo o homenageado da noite, que hoje, representa v\u00e1rias pessoas da nossa cidade que possuem garra, determina\u00e7\u00e3o, pelo trabalho \u00e1rduo e por todos seus atos que significam muito para nosso munic\u00edpio, fazendo-nos sentir orgulhosos de ser dracenenses ou aqui residir&#8221;, finalizou.<\/p>\n<p style=\"text-align: justify;\">O sr. Nelson recebeu das m\u00e3os dos vereadores Victor Palhares, C\u00e9lio Ferregutti, Rodrigo Castilho, Rodrigo Parra e Sara Scarabelli. autores do PDL n.\u00ba 02\/21, o T\u00edtulo de Cidad\u00e3o Honor\u00e1rio de Dracena.<\/p>\n<p style=\"text-align: justify;\">Tamb\u00e9m na sess\u00e3o foi feita a homenagem ao Atirador Destaque de 2021, Isaac Vin\u00edcius Silva Bonfim, que obteve a nota 9,20,\u00a0m\u00e9dia das men\u00e7\u00f5es alcan\u00e7adas nas provas, testes e conceitos aplicados durante o decorrer do ano de instru\u00e7\u00e3o militar. Ele recebeu o diploma das m\u00e3os do vereador Rodrigo Castilho e do ex-presidente da Casa, Milton Polon, autor do projeto que concede diploma aos Atiradores Destaques.<\/p>\n<p style=\"text-align: justify;\">41\u00aa sess\u00e3o ordin\u00e1ria<\/p>\n<p style=\"text-align: justify;\">Ap\u00f3s a sess\u00e3o solene, os vereadores se reuniram para a sess\u00e3o ordin\u00e1ria que contou com a aprova\u00e7\u00e3o em segunda vota\u00e7\u00e3o do Or\u00e7amento Municipal 2022, previsto em R$ 168,5 milh\u00f5es, e do projeto de lei n.\u00ba 76\/21, dos vereadores Julio C\u00e9sar Monteiro da Silva e Eduardo Henrique da Palma, que disp\u00f5e sobre controle de zoonoses, controle das popula\u00e7\u00f5es de animais e do bem estar do animal do Munic\u00edpio de Dracena.<\/p>\n<p><img loading=\"lazy\" decoding=\"async\" class=\"alignnone size-full wp-image-57431\" src=\"https:\/\/jorgezanoni.com.br\/2019\/wp-content\/uploads\/2021\/12\/camara.jpg\" alt=\"\" width=\"240\" height=\"160\" \/> <img loading=\"lazy\" decoding=\"async\" class=\"alignnone size-full wp-image-57433\" src=\"https:\/\/jorgezanoni.com.br\/2019\/wp-content\/uploads\/2021\/12\/camara2.jpg\" alt=\"\" width=\"240\" height=\"160\" \/><\/p>\n<p>Fonte: Assessoria de Imprensa<\/p>\n","protected":false},"excerpt":{"rendered":"<p>Homenagens foram realizadas na segunda, 6 de dezembro. Dracena comemorou seu 76\u00ba anivers\u00e1rio e a C\u00e2mara celebrou a data com homenagens ao sr. Nelson Rodrigues de Almeida, com T\u00edtulo de Cidad\u00e3o Honor\u00e1rio, e o jovem Isaac Vin\u00edcius Silva Bonfim, com Diploma de Honra ao M\u00e9rito por ter sido eleito Atirador Destaque de 2021. Para compor [&hellip;]<\/p>\n","protected":false},"author":1,"featured_media":57432,"comment_status":"closed","ping_status":"open","sticky":false,"template":"","format":"standard","meta":{"footnotes":""},"categories":[110,116],"tags":[],"class_list":["post-57430","post","type-post","status-publish","format-standard","has-post-thumbnail","hentry","category-noticiasdestaque","category-politicaeeconomia"],"_links":{"self":[{"href":"https:\/\/jorgezanoni.com.br\/2019\/wp-json\/wp\/v2\/posts\/57430","targetHints":{"allow":["GET"]}}],"collection":[{"href":"https:\/\/jorgezanoni.com.br\/2019\/wp-json\/wp\/v2\/posts"}],"about":[{"href":"https:\/\/jorgezanoni.com.br\/2019\/wp-json\/wp\/v2\/types\/post"}],"author":[{"embeddable":true,"href":"https:\/\/jorgezanoni.com.br\/2019\/wp-json\/wp\/v2\/users\/1"}],"replies":[{"embeddable":true,"href":"https:\/\/jorgezanoni.com.br\/2019\/wp-json\/wp\/v2\/comments?post=57430"}],"version-history":[{"count":0,"href":"https:\/\/jorgezanoni.com.br\/2019\/wp-json\/wp\/v2\/posts\/57430\/revisions"}],"wp:featuredmedia":[{"embeddable":true,"href":"https:\/\/jorgezanoni.com.br\/2019\/wp-json\/wp\/v2\/media\/57432"}],"wp:attachment":[{"href":"https:\/\/jorgezanoni.com.br\/2019\/wp-json\/wp\/v2\/media?parent=57430"}],"wp:term":[{"taxonomy":"category","embeddable":true,"href":"https:\/\/jorgezanoni.com.br\/2019\/wp-json\/wp\/v2\/categories?post=57430"},{"taxonomy":"post_tag","embeddable":true,"href":"https:\/\/jorgezanoni.com.br\/2019\/wp-json\/wp\/v2\/tags?post=57430"}],"curies":[{"name":"wp","href":"https:\/\/api.w.org\/{rel}","templated":true}]}}