{"id":57422,"date":"2021-12-10T14:27:55","date_gmt":"2021-12-10T14:27:55","guid":{"rendered":"https:\/\/jorgezanoni.com.br\/2019\/?p=57422"},"modified":"2021-12-10T14:34:31","modified_gmt":"2021-12-10T14:34:31","slug":"apae-dracena-esta-em-clima-de-natal-1","status":"publish","type":"post","link":"https:\/\/jorgezanoni.com.br\/2019\/apae-dracena-esta-em-clima-de-natal-1\/","title":{"rendered":"APAE Dracena est\u00e1 em clima de Natal"},"content":{"rendered":"<p style=\"text-align: justify;\">\ud83c\udf81\ud83c\udf81 Chegou o grande dia da entrega dos presentes!!\ud83c\udf81\ud83c\udf81<br \/>\nHoje a partir das 17:00 haver\u00e1 a Carreata de Natal com o Trio El\u00e9trico, Papai Noel, alunos\/destinat\u00e1rios e funcion\u00e1rios com participa\u00e7\u00e3o do Moto Clube Insanos que fez a doa\u00e7\u00e3o dos panetones, a Carreata far\u00e1 o percurso nas principais avenidas: Presidente Roosevelt, Presidente Vargas e Washington Lu\u00eds . As 18:00 ser\u00e1 realizada na FAPIDRA a entrega dos presentes doados pelos padrinhos da comunidade e Loja Ma\u00e7\u00f4nica Uni\u00e3o, Justi\u00e7a e Amor. APAE agradece a todos que de alguma forma direta ou indireta contribu\u00edram para a realiza\u00e7\u00e3o do evento.\ud83c\udf81\ud83c\udf84\ud83d\ude8c\ud83c\udf85<\/p>\n<p>Foto Arquivo<\/p>\n","protected":false},"excerpt":{"rendered":"<p>\ud83c\udf81\ud83c\udf81 Chegou o grande dia da entrega dos presentes!!\ud83c\udf81\ud83c\udf81 Hoje a partir das 17:00 haver\u00e1 a Carreata de Natal com o Trio El\u00e9trico, Papai Noel, alunos\/destinat\u00e1rios e funcion\u00e1rios com participa\u00e7\u00e3o do Moto Clube Insanos que fez a doa\u00e7\u00e3o dos panetones, a Carreata far\u00e1 o percurso nas principais avenidas: Presidente Roosevelt, Presidente Vargas e Washington Lu\u00eds [&hellip;]<\/p>\n","protected":false},"author":1,"featured_media":57425,"comment_status":"closed","ping_status":"open","sticky":false,"template":"","format":"standard","meta":{"footnotes":""},"categories":[110,118],"tags":[],"class_list":["post-57422","post","type-post","status-publish","format-standard","has-post-thumbnail","hentry","category-noticiasdestaque","category-religiaoesolidariedade"],"_links":{"self":[{"href":"https:\/\/jorgezanoni.com.br\/2019\/wp-json\/wp\/v2\/posts\/57422","targetHints":{"allow":["GET"]}}],"collection":[{"href":"https:\/\/jorgezanoni.com.br\/2019\/wp-json\/wp\/v2\/posts"}],"about":[{"href":"https:\/\/jorgezanoni.com.br\/2019\/wp-json\/wp\/v2\/types\/post"}],"author":[{"embeddable":true,"href":"https:\/\/jorgezanoni.com.br\/2019\/wp-json\/wp\/v2\/users\/1"}],"replies":[{"embeddable":true,"href":"https:\/\/jorgezanoni.com.br\/2019\/wp-json\/wp\/v2\/comments?post=57422"}],"version-history":[{"count":0,"href":"https:\/\/jorgezanoni.com.br\/2019\/wp-json\/wp\/v2\/posts\/57422\/revisions"}],"wp:featuredmedia":[{"embeddable":true,"href":"https:\/\/jorgezanoni.com.br\/2019\/wp-json\/wp\/v2\/media\/57425"}],"wp:attachment":[{"href":"https:\/\/jorgezanoni.com.br\/2019\/wp-json\/wp\/v2\/media?parent=57422"}],"wp:term":[{"taxonomy":"category","embeddable":true,"href":"https:\/\/jorgezanoni.com.br\/2019\/wp-json\/wp\/v2\/categories?post=57422"},{"taxonomy":"post_tag","embeddable":true,"href":"https:\/\/jorgezanoni.com.br\/2019\/wp-json\/wp\/v2\/tags?post=57422"}],"curies":[{"name":"wp","href":"https:\/\/api.w.org\/{rel}","templated":true}]}}