{"id":57400,"date":"2021-12-10T11:09:59","date_gmt":"2021-12-10T11:09:59","guid":{"rendered":"https:\/\/jorgezanoni.com.br\/2019\/?p=57400"},"modified":"2021-12-10T12:43:54","modified_gmt":"2021-12-10T12:43:54","slug":"morre-o-ex-combatente-da-segunda-guerra-mundial-manoelito-bezerra-da-silva","status":"publish","type":"post","link":"https:\/\/jorgezanoni.com.br\/2019\/morre-o-ex-combatente-da-segunda-guerra-mundial-manoelito-bezerra-da-silva\/","title":{"rendered":"Morre aos 100 anos o ex combatente da Segunda Guerra Mundial, Manoelito Bezerra da Silva"},"content":{"rendered":"<p style=\"text-align: justify;\">Comunicamos com pesar o falecimento do sr. Manoelito Bezerra da Silva aos 100 anos. Ele havia passado por uma cirurgia, teve complica\u00e7\u00f5es e n\u00e3o resistiu.<\/p>\n<p style=\"text-align: justify;\">Vi\u00favo, deixa 5 filhos, 12 netos e 12 bisnetos. Era morador h\u00e1 muitos anos na cidade de Monte Castelo.<\/p>\n<p style=\"text-align: justify;\">Manoelito \u00e9 ex-combatente da Segunda Guerra Mundial, segundo tenente, nascido em 17\/02\/21, na cidade de Quebrangulo, Alagoas.<\/p>\n<p style=\"text-align: justify;\">Em 10 de janeiro 2019 tivemos o prazer de compartilhar a apresenta\u00e7\u00e3o do combatente para sua &#8220;Prova de Vida&#8221; no TG 02-082 em Dracena. Ele se apresentou \u00e0 \u00e9poca, ao Sgto. Ben\u00edcio Alves de Souza, acompanhado de sua filha Elita Magalh\u00e3es.<\/p>\n<p><img loading=\"lazy\" decoding=\"async\" class=\"alignnone size-full wp-image-57401\" src=\"https:\/\/jorgezanoni.com.br\/2019\/wp-content\/uploads\/2021\/12\/Manoelito-TG.jpg\" alt=\"\" width=\"1024\" height=\"768\" srcset=\"https:\/\/jorgezanoni.com.br\/2019\/wp-content\/uploads\/2021\/12\/Manoelito-TG.jpg 1024w, https:\/\/jorgezanoni.com.br\/2019\/wp-content\/uploads\/2021\/12\/Manoelito-TG-300x225.jpg 300w, https:\/\/jorgezanoni.com.br\/2019\/wp-content\/uploads\/2021\/12\/Manoelito-TG-768x576.jpg 768w, https:\/\/jorgezanoni.com.br\/2019\/wp-content\/uploads\/2021\/12\/Manoelito-TG-80x60.jpg 80w, https:\/\/jorgezanoni.com.br\/2019\/wp-content\/uploads\/2021\/12\/Manoelito-TG-265x198.jpg 265w, https:\/\/jorgezanoni.com.br\/2019\/wp-content\/uploads\/2021\/12\/Manoelito-TG-696x522.jpg 696w, https:\/\/jorgezanoni.com.br\/2019\/wp-content\/uploads\/2021\/12\/Manoelito-TG-560x420.jpg 560w\" sizes=\"auto, (max-width: 1024px) 100vw, 1024px\" \/><\/p>\n<p style=\"text-align: justify;\"><strong>VEJA A MAT\u00c9RIA NA \u00cdNTEGA NO LINK:<\/strong><\/p>\n<p style=\"text-align: justify;\">http:\/\/www.jorgezanoni.com.br\/site\/noticia\/especial\/excombatente-da-segunda-guerra-mundial-compareceu-ao-tg-para-fazer-quotprova-de-vidaquot<\/p>\n<p style=\"text-align: justify;\">O Site JZ se solidariza com a fam\u00edlia e amigos neste dif\u00edcil momento.<\/p>\n<p style=\"text-align: justify;\">Jorge Zanoni<\/p>\n<p><img loading=\"lazy\" decoding=\"async\" class=\"alignnone size-full wp-image-57419\" src=\"https:\/\/jorgezanoni.com.br\/2019\/wp-content\/uploads\/2021\/12\/Manoelito-1.jpg\" alt=\"\" width=\"1280\" height=\"1200\" srcset=\"https:\/\/jorgezanoni.com.br\/2019\/wp-content\/uploads\/2021\/12\/Manoelito-1.jpg 1280w, https:\/\/jorgezanoni.com.br\/2019\/wp-content\/uploads\/2021\/12\/Manoelito-1-300x281.jpg 300w, https:\/\/jorgezanoni.com.br\/2019\/wp-content\/uploads\/2021\/12\/Manoelito-1-1024x960.jpg 1024w, https:\/\/jorgezanoni.com.br\/2019\/wp-content\/uploads\/2021\/12\/Manoelito-1-768x720.jpg 768w, https:\/\/jorgezanoni.com.br\/2019\/wp-content\/uploads\/2021\/12\/Manoelito-1-696x653.jpg 696w, https:\/\/jorgezanoni.com.br\/2019\/wp-content\/uploads\/2021\/12\/Manoelito-1-1068x1001.jpg 1068w, https:\/\/jorgezanoni.com.br\/2019\/wp-content\/uploads\/2021\/12\/Manoelito-1-448x420.jpg 448w\" sizes=\"auto, (max-width: 1280px) 100vw, 1280px\" \/><\/p>\n","protected":false},"excerpt":{"rendered":"<p>Comunicamos com pesar o falecimento do sr. Manoelito Bezerra da Silva aos 100 anos. Ele havia passado por uma cirurgia, teve complica\u00e7\u00f5es e n\u00e3o resistiu. Vi\u00favo, deixa 5 filhos, 12 netos e 12 bisnetos. Era morador h\u00e1 muitos anos na cidade de Monte Castelo. Manoelito \u00e9 ex-combatente da Segunda Guerra Mundial, segundo tenente, nascido em [&hellip;]<\/p>\n","protected":false},"author":1,"featured_media":57405,"comment_status":"closed","ping_status":"open","sticky":false,"template":"","format":"standard","meta":{"footnotes":""},"categories":[178,110],"tags":[],"class_list":["post-57400","post","type-post","status-publish","format-standard","has-post-thumbnail","hentry","category-notadefalecimento","category-noticiasdestaque"],"_links":{"self":[{"href":"https:\/\/jorgezanoni.com.br\/2019\/wp-json\/wp\/v2\/posts\/57400","targetHints":{"allow":["GET"]}}],"collection":[{"href":"https:\/\/jorgezanoni.com.br\/2019\/wp-json\/wp\/v2\/posts"}],"about":[{"href":"https:\/\/jorgezanoni.com.br\/2019\/wp-json\/wp\/v2\/types\/post"}],"author":[{"embeddable":true,"href":"https:\/\/jorgezanoni.com.br\/2019\/wp-json\/wp\/v2\/users\/1"}],"replies":[{"embeddable":true,"href":"https:\/\/jorgezanoni.com.br\/2019\/wp-json\/wp\/v2\/comments?post=57400"}],"version-history":[{"count":0,"href":"https:\/\/jorgezanoni.com.br\/2019\/wp-json\/wp\/v2\/posts\/57400\/revisions"}],"wp:featuredmedia":[{"embeddable":true,"href":"https:\/\/jorgezanoni.com.br\/2019\/wp-json\/wp\/v2\/media\/57405"}],"wp:attachment":[{"href":"https:\/\/jorgezanoni.com.br\/2019\/wp-json\/wp\/v2\/media?parent=57400"}],"wp:term":[{"taxonomy":"category","embeddable":true,"href":"https:\/\/jorgezanoni.com.br\/2019\/wp-json\/wp\/v2\/categories?post=57400"},{"taxonomy":"post_tag","embeddable":true,"href":"https:\/\/jorgezanoni.com.br\/2019\/wp-json\/wp\/v2\/tags?post=57400"}],"curies":[{"name":"wp","href":"https:\/\/api.w.org\/{rel}","templated":true}]}}