{"id":57392,"date":"2021-12-09T15:36:58","date_gmt":"2021-12-09T15:36:58","guid":{"rendered":"https:\/\/jorgezanoni.com.br\/2019\/?p=57392"},"modified":"2021-12-09T15:36:58","modified_gmt":"2021-12-09T15:36:58","slug":"alunos-do-anglo-cid-apresentam-projetos-no-parlamento-jovem-2021","status":"publish","type":"post","link":"https:\/\/jorgezanoni.com.br\/2019\/alunos-do-anglo-cid-apresentam-projetos-no-parlamento-jovem-2021\/","title":{"rendered":"Alunos do Anglo-CID apresentam projetos no Parlamento Jovem 2021"},"content":{"rendered":"<div dir=\"ltr\" style=\"text-align: justify;\"><span style=\"font-size: large;\">Realizado no dia 1\u00ba de dezembro, na C\u00e2mara Municipal de Dracena, o Parlamento Jovem 2021 reuniu 20 estudantes, de escolas p\u00fablicas e particulares da cidade, que apresentaram aos vereadores suas indica\u00e7\u00f5es, requerimentos e projetos de lei. Os alunos do Ensino M\u00e9dio Ana L\u00edvia Giaretta de Oliveira (1\u00ba ano), Pedro Henrique Daun Crudo (2\u00ba ano) e Ra\u00edssa Neves Souto (1\u00ba ano) participaram da sess\u00e3o representando o Col\u00e9gio Anglo-CID.<\/span><\/p>\n<p><span style=\"font-size: large;\">As escolas s\u00e3o convidadas pela C\u00e2mara Municipal e selecionam seus alunos para participar, mas s\u00e3o os estudantes que refletem e escolhem os temas que desejam abordar. No Anglo-CID, quem acompanhou a atividade foi a coordenadora Patr\u00edcia Silvestre Soares Nakamura, que ajudou os alunos a organizar suas ideias e deu orienta\u00e7\u00f5es sobre como redigir corretamente a indica\u00e7\u00e3o, o requerimento e o projeto de lei.<\/span><\/p>\n<p><span style=\"font-size: large;\">Ana L\u00edvia foi quem fez a indica\u00e7\u00e3o: que o Teatro Municipal de Dracena seja restaurado aos devidos cuidados da C\u00e2mara Municipal, e que haja uma maior aten\u00e7\u00e3o na preserva\u00e7\u00e3o de patrim\u00f4nios p\u00fablicos.<\/span><\/p>\n<p><span style=\"font-size: large;\">Pedro escreveu um projeto de lei que institui o C\u00f3digo de Defesa e a Patrulha de Apoio ao Empreendedor, com normas relacionadas \u00e0 livre iniciativa, ao livre exerc\u00edcio de atividade econ\u00f4mica e \u00e0 atividade regulat\u00f3ria do munic\u00edpio.<\/span><\/p>\n<p><span style=\"font-size: large;\">E a Ra\u00edssa trabalhou com o requerimento: pediu informa\u00e7\u00f5es sobre projeto para ilumina\u00e7\u00e3o de alguns pontos na cidade que n\u00e3o a possuem.<\/span><\/p>\n<p><span style=\"font-size: large;\">Segundo a coordenadora Patr\u00edcia, ao participar do Parlamento Jovem, os alunos t\u00eam a oportunidade de vivenciar um pouco do processo pol\u00edtico e democr\u00e1tico e, tamb\u00e9m, de exercer o protagonismo juvenil.<\/span><\/p>\n<p><span style=\"font-size: large;\">Os vereadores da 18\u00aa Legislatura acompanharam os 20 estudantes e os auxiliaram nas rotinas da Casa. O Parlamento Jovem \u00e9 realizado exatamente como uma sess\u00e3o ordin\u00e1ria, com as atividades todas conduzidas pelos jovens. Todas as propostas apresentadas foram aprovadas por unanimidade e agora ser\u00e3o encaminhadas ao prefeito como indica\u00e7\u00f5es.<\/span><\/p>\n<p><span style=\"font-size: large;\">A diretora do Col\u00e9gio Anglo-CID Eul\u00e1lia Pires Fava ressalta que &#8220;essa participa\u00e7\u00e3o \u00e9 muito importante, pois demonstra o interesse dos jovens na atua\u00e7\u00e3o pol\u00edtica e os incentiva a praticar a cidadania, uma vez que eles precisam fazer um levantamento de situa\u00e7\u00f5es que requerem uma aten\u00e7\u00e3o do setor p\u00fablico municipal em benef\u00edcio da popula\u00e7\u00e3o local&#8221;.<\/span><\/p>\n<p><span style=\"font-size: large;\"><b>Parlamento Jovem<\/b><\/span><br \/>\n<span style=\"font-size: large;\"><br \/>\n<\/span><\/div>\n<div dir=\"ltr\" style=\"text-align: justify;\"><span style=\"font-size: large;\">O Parlamento Jovem foi institu\u00eddo pela Resolu\u00e7\u00e3o n\u00ba 08\/2008 e permite que alunos vivenciem o &#8220;processo democr\u00e1tico, mediante participa\u00e7\u00e3o em uma jornada parlamentar, com diploma\u00e7\u00e3o e exerc\u00edcio do mandato.&#8221;<\/span><br \/>\n<span style=\"font-size: large;\">As escolas p\u00fablicas e particulares de Dracena s\u00e3o convidadas a participar e podem indicar at\u00e9 tr\u00eas alunos, que dever\u00e3o apresentar uma indica\u00e7\u00e3o (sugest\u00e3o de uma medida de interesse p\u00fablico aos poderes competentes), um requerimento (pedido verbal ou escrito feito ao Presidente da C\u00e2mara sobre qualquer assunto) e um projeto de lei (que cont\u00e9m duas partes b\u00e1sicas: a primeira \u00e9 o texto da lei propriamente dita, que traduz a ideia que est\u00e1 sendo proposta, e a segunda \u00e9 sua justificativa).<\/span><br \/>\n<span style=\"font-size: large;\">Durante a sess\u00e3o, os alunos leem suas propostas e, depois, as mat\u00e9rias apresentadas s\u00e3o encaminhadas ao prefeito como indica\u00e7\u00f5es.<\/span><\/div>\n<div dir=\"ltr\"><\/div>\n<div dir=\"ltr\"><img loading=\"lazy\" decoding=\"async\" class=\"alignnone size-full wp-image-57393\" src=\"https:\/\/jorgezanoni.com.br\/2019\/wp-content\/uploads\/2021\/12\/parla.png\" alt=\"\" width=\"900\" height=\"900\" srcset=\"https:\/\/jorgezanoni.com.br\/2019\/wp-content\/uploads\/2021\/12\/parla.png 900w, https:\/\/jorgezanoni.com.br\/2019\/wp-content\/uploads\/2021\/12\/parla-300x300.png 300w, https:\/\/jorgezanoni.com.br\/2019\/wp-content\/uploads\/2021\/12\/parla-150x150.png 150w, https:\/\/jorgezanoni.com.br\/2019\/wp-content\/uploads\/2021\/12\/parla-768x768.png 768w, https:\/\/jorgezanoni.com.br\/2019\/wp-content\/uploads\/2021\/12\/parla-696x696.png 696w, https:\/\/jorgezanoni.com.br\/2019\/wp-content\/uploads\/2021\/12\/parla-420x420.png 420w\" sizes=\"auto, (max-width: 900px) 100vw, 900px\" \/><\/div>\n<div dir=\"ltr\" style=\"text-align: justify;\">Fonte: Depto. de Comunica\u00e7\u00e3o Fundec<\/div>\n","protected":false},"excerpt":{"rendered":"<p>Realizado no dia 1\u00ba de dezembro, na C\u00e2mara Municipal de Dracena, o Parlamento Jovem 2021 reuniu 20 estudantes, de escolas p\u00fablicas e particulares da cidade, que apresentaram aos vereadores suas indica\u00e7\u00f5es, requerimentos e projetos de lei. Os alunos do Ensino M\u00e9dio Ana L\u00edvia Giaretta de Oliveira (1\u00ba ano), Pedro Henrique Daun Crudo (2\u00ba ano) e [&hellip;]<\/p>\n","protected":false},"author":1,"featured_media":57394,"comment_status":"closed","ping_status":"open","sticky":false,"template":"","format":"standard","meta":{"footnotes":""},"categories":[110,122],"tags":[],"class_list":["post-57392","post","type-post","status-publish","format-standard","has-post-thumbnail","hentry","category-noticiasdestaque","category-saudeeducacaoeconcurso"],"_links":{"self":[{"href":"https:\/\/jorgezanoni.com.br\/2019\/wp-json\/wp\/v2\/posts\/57392","targetHints":{"allow":["GET"]}}],"collection":[{"href":"https:\/\/jorgezanoni.com.br\/2019\/wp-json\/wp\/v2\/posts"}],"about":[{"href":"https:\/\/jorgezanoni.com.br\/2019\/wp-json\/wp\/v2\/types\/post"}],"author":[{"embeddable":true,"href":"https:\/\/jorgezanoni.com.br\/2019\/wp-json\/wp\/v2\/users\/1"}],"replies":[{"embeddable":true,"href":"https:\/\/jorgezanoni.com.br\/2019\/wp-json\/wp\/v2\/comments?post=57392"}],"version-history":[{"count":0,"href":"https:\/\/jorgezanoni.com.br\/2019\/wp-json\/wp\/v2\/posts\/57392\/revisions"}],"wp:featuredmedia":[{"embeddable":true,"href":"https:\/\/jorgezanoni.com.br\/2019\/wp-json\/wp\/v2\/media\/57394"}],"wp:attachment":[{"href":"https:\/\/jorgezanoni.com.br\/2019\/wp-json\/wp\/v2\/media?parent=57392"}],"wp:term":[{"taxonomy":"category","embeddable":true,"href":"https:\/\/jorgezanoni.com.br\/2019\/wp-json\/wp\/v2\/categories?post=57392"},{"taxonomy":"post_tag","embeddable":true,"href":"https:\/\/jorgezanoni.com.br\/2019\/wp-json\/wp\/v2\/tags?post=57392"}],"curies":[{"name":"wp","href":"https:\/\/api.w.org\/{rel}","templated":true}]}}