{"id":57389,"date":"2021-12-09T12:06:33","date_gmt":"2021-12-09T12:06:33","guid":{"rendered":"https:\/\/jorgezanoni.com.br\/2019\/?p=57389"},"modified":"2021-12-09T12:06:33","modified_gmt":"2021-12-09T12:06:33","slug":"projeto-vem-dancar-asfa-dracena-tem-programacao-nesta-sexta-feira","status":"publish","type":"post","link":"https:\/\/jorgezanoni.com.br\/2019\/projeto-vem-dancar-asfa-dracena-tem-programacao-nesta-sexta-feira\/","title":{"rendered":"Projeto vem Dan\u00e7ar ASFA Dracena tem programa\u00e7\u00e3o nesta sexta-feira"},"content":{"rendered":"<p style=\"text-align: justify;\">Acontece nesta sexta-feira (10) das 20 \u00e0s 21:00 Horas, apresenta\u00e7\u00e3o do Projeto vem Dan\u00e7ar.<\/p>\n<p style=\"text-align: justify;\">Acesso os canais de Youtube e Facebook e acompanhe.<\/p>\n<p style=\"text-align: justify;\">Link do Face:\u00a0https:\/\/www.facebook.com\/projvemdancar<\/p>\n","protected":false},"excerpt":{"rendered":"<p>Acontece nesta sexta-feira (10) das 20 \u00e0s 21:00 Horas, apresenta\u00e7\u00e3o do Projeto vem Dan\u00e7ar. Acesso os canais de Youtube e Facebook e acompanhe. Link do Face:\u00a0https:\/\/www.facebook.com\/projvemdancar<\/p>\n","protected":false},"author":1,"featured_media":57390,"comment_status":"closed","ping_status":"open","sticky":false,"template":"","format":"standard","meta":{"footnotes":""},"categories":[111,110],"tags":[],"class_list":["post-57389","post","type-post","status-publish","format-standard","has-post-thumbnail","hentry","category-esporteecultura","category-noticiasdestaque"],"_links":{"self":[{"href":"https:\/\/jorgezanoni.com.br\/2019\/wp-json\/wp\/v2\/posts\/57389","targetHints":{"allow":["GET"]}}],"collection":[{"href":"https:\/\/jorgezanoni.com.br\/2019\/wp-json\/wp\/v2\/posts"}],"about":[{"href":"https:\/\/jorgezanoni.com.br\/2019\/wp-json\/wp\/v2\/types\/post"}],"author":[{"embeddable":true,"href":"https:\/\/jorgezanoni.com.br\/2019\/wp-json\/wp\/v2\/users\/1"}],"replies":[{"embeddable":true,"href":"https:\/\/jorgezanoni.com.br\/2019\/wp-json\/wp\/v2\/comments?post=57389"}],"version-history":[{"count":0,"href":"https:\/\/jorgezanoni.com.br\/2019\/wp-json\/wp\/v2\/posts\/57389\/revisions"}],"wp:featuredmedia":[{"embeddable":true,"href":"https:\/\/jorgezanoni.com.br\/2019\/wp-json\/wp\/v2\/media\/57390"}],"wp:attachment":[{"href":"https:\/\/jorgezanoni.com.br\/2019\/wp-json\/wp\/v2\/media?parent=57389"}],"wp:term":[{"taxonomy":"category","embeddable":true,"href":"https:\/\/jorgezanoni.com.br\/2019\/wp-json\/wp\/v2\/categories?post=57389"},{"taxonomy":"post_tag","embeddable":true,"href":"https:\/\/jorgezanoni.com.br\/2019\/wp-json\/wp\/v2\/tags?post=57389"}],"curies":[{"name":"wp","href":"https:\/\/api.w.org\/{rel}","templated":true}]}}