{"id":57349,"date":"2021-12-08T16:41:29","date_gmt":"2021-12-08T16:41:29","guid":{"rendered":"https:\/\/jorgezanoni.com.br\/2019\/?p=57349"},"modified":"2021-12-08T16:41:29","modified_gmt":"2021-12-08T16:41:29","slug":"um-olhar-alem-do-curso-de-farmacia-da-unifai","status":"publish","type":"post","link":"https:\/\/jorgezanoni.com.br\/2019\/um-olhar-alem-do-curso-de-farmacia-da-unifai\/","title":{"rendered":"Um olhar al\u00e9m do Curso de Farm\u00e1cia da UniFai"},"content":{"rendered":"<p style=\"text-align: justify;\"><strong>S\u00e9rgio Barbosa \/ UniFAI<\/strong><\/p>\n<p style=\"text-align: justify;\">Em tempo de pandemia, todos\/as devem estar atentos ao cen\u00e1rio em n\u00edvel Glocal, ou seja, do global para o local, tendo em vista que o contexto plural mediado pela p\u00f3s-globaliza\u00e7\u00e3o coloca o mundo em sintonia universal.<\/p>\n<p style=\"text-align: justify;\">Portanto, quando se faz a escolha pela gradua\u00e7\u00e3o em Farm\u00e1cia, o acad\u00eamico pode estar entrando em um ambiente diversificado pelos in\u00fameros questionamentos sobre as milhares de subst\u00e2ncias para que a preven\u00e7\u00e3o possa ser efetivada.<\/p>\n<p style=\"text-align: justify;\">Neste contexto de busca pelo outro lado do conhecimento farmac\u00eautico, o coordenador do curso, prof. Dr. Bruno A. da Rocha destaca, a saber:\u00a0 \u201cConfesso que quando entrei no curso, me encantava a qu\u00edmica, mas o mais interessante no curso de Farm\u00e1cia \u00e9 que a cada termo que vamos cursando, descobrimos uma nova paix\u00e3o. Aprendemos que de uma subst\u00e2ncia pode surgir \u00e0 preven\u00e7\u00e3o, a promo\u00e7\u00e3o e\/ou a cura de um paciente.\u201d<\/p>\n<p style=\"text-align: justify;\">Tamb\u00e9m, o desenvolvimento constante dos diversos modelos patrocinados pela tecnologia na \u00e1rea da sa\u00fade em busca da solu\u00e7\u00e3o desta ou daquela doen\u00e7a proporciona resultados efetivos em benef\u00edcio da comunidade.<\/p>\n<p style=\"text-align: justify;\">A pandemia continua em todas as \u00e1reas do Mercado em n\u00edvel global, neste cen\u00e1rio de preocupa\u00e7\u00e3o com a sociedade, o prof. Bruno enfatiza: \u201cPensando no contexto pand\u00eamico, fomos os respons\u00e1veis pelas pesquisas em rela\u00e7\u00e3o \u00e0s vacinas.\u201d<\/p>\n<p style=\"text-align: justify;\"><strong>Estrutura do Curso de Farm\u00e1cia<\/strong><\/p>\n<p style=\"text-align: justify;\">Todas as atividades desenvolvidas no per\u00edodo da gradua\u00e7\u00e3o est\u00e3o em sintonia com a proposta pedag\u00f3gica do Curso, haja vista que o compromisso deve ser por meio da integraliza\u00e7\u00e3o entre as teorias e t\u00e9cnicas proporcionadas pelas aulas de laborat\u00f3rio e experimenta\u00e7\u00f5es diversas.<\/p>\n<p style=\"text-align: justify;\">Tamb\u00e9m, deve-se registrar que a qualifica\u00e7\u00e3o do corpo docente est\u00e1 em conex\u00e3o com as respectivas disciplinas ministradas, buscando oferecer para os (as) acad\u00eamicos (as) um conhecimento que envolva todos os aspectos da gradua\u00e7\u00e3o em Farm\u00e1cia.<\/p>\n<p style=\"text-align: justify;\">Al\u00e9m do envolvendo em atividades focadas no Mercado espec\u00edfico, existe alternativas para o (a) diplomado (a) na \u00e1rea, tendo em vista a \u00e1rea da Pesquisa acad\u00eamica ou cient\u00edfica, assim, o prof. Bruno enfatiza que \u201ceste universo me fez querer descobrir mais, e assim cheguei as minhas p\u00f3s-gradua\u00e7\u00f5es, mestrado, doutorado e p\u00f3s-doutorado, com a semente do novo que a farm\u00e1cia possibilita em cada termo. Hoje sou docente e coordenador de cursos do Centro Universit\u00e1rio de Adamantina e, s\u00f3 foi poss\u00edvel chegar aqui, com toda a estrutura humana e f\u00edsica que esta institui\u00e7\u00e3o possui.\u201d<\/p>\n<p style=\"text-align: justify;\">N\u00e3o basta participar, tem que fazer a diferen\u00e7a frente aos desafios deste tempo novo tempo, portanto, fa\u00e7a a sua escolha e venha para o curso de Farm\u00e1cia da UniFAI!<\/p>\n<p>Informa\u00e7\u00f5es: <a href=\"http:\/\/www.unifai.com.br\/vestibular\">www.unifai.com.br\/vestibular<\/a><\/p>\n<p style=\"text-align: justify;\">Foto: Prof. Dr. Bruno A. Rocha, coordenador do curso de Farm\u00e1cia da UNIFAI. (arquivo pessoal)<\/p>\n","protected":false},"excerpt":{"rendered":"<p>S\u00e9rgio Barbosa \/ UniFAI Em tempo de pandemia, todos\/as devem estar atentos ao cen\u00e1rio em n\u00edvel Glocal, ou seja, do global para o local, tendo em vista que o contexto plural mediado pela p\u00f3s-globaliza\u00e7\u00e3o coloca o mundo em sintonia universal. Portanto, quando se faz a escolha pela gradua\u00e7\u00e3o em Farm\u00e1cia, o acad\u00eamico pode estar entrando [&hellip;]<\/p>\n","protected":false},"author":1,"featured_media":57350,"comment_status":"closed","ping_status":"open","sticky":false,"template":"","format":"standard","meta":{"footnotes":""},"categories":[122],"tags":[],"class_list":["post-57349","post","type-post","status-publish","format-standard","has-post-thumbnail","hentry","category-saudeeducacaoeconcurso"],"_links":{"self":[{"href":"https:\/\/jorgezanoni.com.br\/2019\/wp-json\/wp\/v2\/posts\/57349","targetHints":{"allow":["GET"]}}],"collection":[{"href":"https:\/\/jorgezanoni.com.br\/2019\/wp-json\/wp\/v2\/posts"}],"about":[{"href":"https:\/\/jorgezanoni.com.br\/2019\/wp-json\/wp\/v2\/types\/post"}],"author":[{"embeddable":true,"href":"https:\/\/jorgezanoni.com.br\/2019\/wp-json\/wp\/v2\/users\/1"}],"replies":[{"embeddable":true,"href":"https:\/\/jorgezanoni.com.br\/2019\/wp-json\/wp\/v2\/comments?post=57349"}],"version-history":[{"count":0,"href":"https:\/\/jorgezanoni.com.br\/2019\/wp-json\/wp\/v2\/posts\/57349\/revisions"}],"wp:featuredmedia":[{"embeddable":true,"href":"https:\/\/jorgezanoni.com.br\/2019\/wp-json\/wp\/v2\/media\/57350"}],"wp:attachment":[{"href":"https:\/\/jorgezanoni.com.br\/2019\/wp-json\/wp\/v2\/media?parent=57349"}],"wp:term":[{"taxonomy":"category","embeddable":true,"href":"https:\/\/jorgezanoni.com.br\/2019\/wp-json\/wp\/v2\/categories?post=57349"},{"taxonomy":"post_tag","embeddable":true,"href":"https:\/\/jorgezanoni.com.br\/2019\/wp-json\/wp\/v2\/tags?post=57349"}],"curies":[{"name":"wp","href":"https:\/\/api.w.org\/{rel}","templated":true}]}}