{"id":57312,"date":"2021-12-08T00:51:42","date_gmt":"2021-12-08T00:51:42","guid":{"rendered":"https:\/\/jorgezanoni.com.br\/2019\/?p=57312"},"modified":"2021-12-08T00:52:56","modified_gmt":"2021-12-08T00:52:56","slug":"neste-novo-tempo-novo-que-se-chama-hoje-poe-sergio-barbosa","status":"publish","type":"post","link":"https:\/\/jorgezanoni.com.br\/2019\/neste-novo-tempo-novo-que-se-chama-hoje-poe-sergio-barbosa\/","title":{"rendered":"Neste &#8220;Novo Tempo Novo&#8221; que se chama hoje&#8230; (por S\u00e9rgio Barbosa)"},"content":{"rendered":"<p style=\"text-align: justify;\"><strong>NESTE \u201cNOVO TEMPO NOVO\u201d QUE SE CHAMA HOJE&#8230;<\/strong><\/p>\n<p style=\"text-align: justify;\"><strong>\u201cO valor das coisas n\u00e3o est\u00e1 no tempo que elas duram, mas na intensidade com que acontecem. Por isso existem momentos inesquec\u00edveis, coisas inexplic\u00e1veis e pessoas incompar\u00e1veis.\u201d (<\/strong><a href=\"https:\/\/www.pensador.com\/autor\/maria_julia_paes_de_silva\/\"><strong>Maria Julia Paes de Silva<\/strong><\/a><strong>)<\/strong><strong>\u00a0<\/strong><\/p>\n<p style=\"text-align: justify;\"><strong><em>Para todos\/as que estiveram na torcida!<\/em><\/strong><\/p>\n<p style=\"text-align: justify;\"><strong>S\u00e9rgio Barbosa (*)<\/strong><\/p>\n<p style=\"text-align: justify;\">No m\u00eas de outubro, 25, pode-se escrever, ainda de acordo com diversos pareceres m\u00e9dicos que estou no meu \u201csegundo tempo de vida\u201d, ou seja, o \u201cprimeiro tempo\u201d faz parte de um passado quase que distante de tudo e todos&#8230;<\/p>\n<p style=\"text-align: justify;\">Entretanto, n\u00e3o tem como deixar de lado os acontecimentos deste outro tempo que foram vividos de um jeito ou de outro, ainda, da melhor forma poss\u00edvel e ponto quase final&#8230;<\/p>\n<p style=\"text-align: justify;\">Mas, o presente \u00e9 o que faz parte deste \u201cjogo\u201d que poder\u00e1 ter ou n\u00e3o uma prorroga\u00e7\u00e3o em meio aos desencontros que fazem parte deste processo visando continuar aproveitando este tempo novo tempo&#8230;<\/p>\n<p style=\"text-align: justify;\">Pode-se esperar que muitas possibilidades daqui pra frente, tendo em vista que \u201co tempo continua sendo o tempo deste mesmo tempo\u201d, portanto, cada qual com suas escolhas de um jeito ou de outro&#8230;<\/p>\n<p style=\"text-align: justify;\">Escreveu o poeta do outro tempo, ou seja, \u201cnada \u00e9 para sempre\u201d, assim, as pessoas de um jeito ou de outro est\u00e3o em busca de alguma coisa neste cen\u00e1rio mais do que interessante para quem \u201cviveu de novo\u201d como dizem os m\u00e9dicos deste e do outro lado de um mesmo lado&#8230;<\/p>\n<p style=\"text-align: justify;\">Ent\u00e3o, nada mais interessante do que continuar jogando este \u201csegundo tempo\u201d de acordo com as possibilidades e t\u00e1ticas mediadas pela vontade de aproveitar tudo e mais alguma coisa neste novo tempo novo&#8230;<\/p>\n<p style=\"text-align: justify;\">Tamb\u00e9m, s\u00f3 quem vive este \u201ctempo\u201d pra saber como correr atr\u00e1s do \u201ctempo do tempo sem o tempo\u201d, al\u00e9m do mais ou de menos, como sempre, depende sempre deste ou daquele olhar sobre o tempo do tempo em busca do tempo&#8230;<\/p>\n<p style=\"text-align: justify;\">Pode ser que sim ou n\u00e3o, ainda, muito pelo contr\u00e1rio que tais fatos ocorreram por causa de um objetivo que est\u00e1 al\u00e9m deste tempo, todavia, torna-se necess\u00e1rio estar em conex\u00e3o com todas as alternativas mediadas por este tempo novo tempo&#8230;<\/p>\n<p style=\"text-align: justify;\">Algumas pessoas pr\u00f3ximas est\u00e3o sempre questionando se \u201cencontrei alguma luz do outro lado\u201d, isso \u00e9, considerando que quase, ou melhor, estive pr\u00f3ximo daquele outro tempo do tempo, por\u00e9m, confesso que do \u201cjeito que fui, voltei&#8230;\u201d<\/p>\n<p style=\"text-align: justify;\">N\u00e3o encontrei nada de nada, muito pelo contr\u00e1rio, quando \u201cacordei\u201d estava em uma cama na \u201cUTI CARD\u00cdACA\u201d da Santa Casa de Mar\u00edlia, sendo que a estadia se prolongou por 10 dias sem tempo neste mesmo tempo do meu tempo&#8230;<\/p>\n<p style=\"text-align: justify;\">Faz-se necess\u00e1rio agradecer muitas pessoas que estiveram do meu lado neste tempo do meu tempo, ainda, foi um tempo sem o tempo, haja vista as ocorr\u00eancias deste per\u00edodo mais do que interessante para quem busca estar sempre em conex\u00e3o com o tempo do tempo sem o tempo&#8230;<\/p>\n<p style=\"text-align: justify;\">Outra coisa deste mesma coisa, este texto busca registrar a import\u00e2ncia deste \u201cnovo tempo novo\u201d para muitos desencontros com o \u201ctempo novo tempo\u201d, tal qual um rel\u00f3gio que trabalha sem parar para nada de nada neste contexto plural e singular ao mesmo tempo do tempo&#8230;<\/p>\n<p style=\"text-align: justify;\">Finalizando este tempo do tempo, deve-se destacar que no meu primeiro tempo, o ponto de partida era o dia 13 de agosto, ou seja, \u201cleonino\u201d tendo com \u201co sol e o fogo\u201d como ponto de partida&#8230;<\/p>\n<p style=\"text-align: justify;\">Por\u00e9m, neste segundo tempo, 25 de outubro, uma nova proposta para continuar neste tempo novo tempo sob a prote\u00e7\u00e3o e o dom\u00ednio de outra refer\u00eancia por meio da astrologia, a saber, \u201cescorpi\u00e3o\u201d&#8230;<\/p>\n<p style=\"text-align: justify;\">De um jeito ou de outro, s\u00e3o duas for\u00e7as consider\u00e1veis neste novo tempo novo que se chama hoje, al\u00e9m do mais ou de menos, n\u00e3o sei ao certo, ter um \u201cle\u00e3o\u201d do lado e do outro lado, um \u201cescorpi\u00e3o\u201d n\u00e3o \u00e9 pra qualquer tempo do tempo&#8230;<\/p>\n<p style=\"text-align: justify;\">Quem viver este tempo vai saber o que \u00e9 este tempo novo tempo&#8230;<\/p>\n<p style=\"text-align: justify;\"><strong><em>_________________________<\/em><\/strong><\/p>\n<p style=\"text-align: justify;\"><strong><em>(*) jornalista diplomado e professor universit\u00e1rio.<\/em><\/strong><\/p>\n<p style=\"text-align: justify;\"><strong><em>e-mail: <\/em><\/strong><a href=\"mailto:barbosa.sebar@gmail.com\"><strong><em>barbosa.sebar@gmail.com<\/em><\/strong><\/a><\/p>\n<p>&nbsp;<\/p>\n","protected":false},"excerpt":{"rendered":"<p>NESTE \u201cNOVO TEMPO NOVO\u201d QUE SE CHAMA HOJE&#8230; \u201cO valor das coisas n\u00e3o est\u00e1 no tempo que elas duram, mas na intensidade com que acontecem. Por isso existem momentos inesquec\u00edveis, coisas inexplic\u00e1veis e pessoas incompar\u00e1veis.\u201d (Maria Julia Paes de Silva)\u00a0 Para todos\/as que estiveram na torcida! S\u00e9rgio Barbosa (*) No m\u00eas de outubro, 25, pode-se [&hellip;]<\/p>\n","protected":false},"author":1,"featured_media":57313,"comment_status":"closed","ping_status":"open","sticky":false,"template":"","format":"standard","meta":{"footnotes":""},"categories":[175],"tags":[],"class_list":["post-57312","post","type-post","status-publish","format-standard","has-post-thumbnail","hentry","category-artigos"],"_links":{"self":[{"href":"https:\/\/jorgezanoni.com.br\/2019\/wp-json\/wp\/v2\/posts\/57312","targetHints":{"allow":["GET"]}}],"collection":[{"href":"https:\/\/jorgezanoni.com.br\/2019\/wp-json\/wp\/v2\/posts"}],"about":[{"href":"https:\/\/jorgezanoni.com.br\/2019\/wp-json\/wp\/v2\/types\/post"}],"author":[{"embeddable":true,"href":"https:\/\/jorgezanoni.com.br\/2019\/wp-json\/wp\/v2\/users\/1"}],"replies":[{"embeddable":true,"href":"https:\/\/jorgezanoni.com.br\/2019\/wp-json\/wp\/v2\/comments?post=57312"}],"version-history":[{"count":0,"href":"https:\/\/jorgezanoni.com.br\/2019\/wp-json\/wp\/v2\/posts\/57312\/revisions"}],"wp:featuredmedia":[{"embeddable":true,"href":"https:\/\/jorgezanoni.com.br\/2019\/wp-json\/wp\/v2\/media\/57313"}],"wp:attachment":[{"href":"https:\/\/jorgezanoni.com.br\/2019\/wp-json\/wp\/v2\/media?parent=57312"}],"wp:term":[{"taxonomy":"category","embeddable":true,"href":"https:\/\/jorgezanoni.com.br\/2019\/wp-json\/wp\/v2\/categories?post=57312"},{"taxonomy":"post_tag","embeddable":true,"href":"https:\/\/jorgezanoni.com.br\/2019\/wp-json\/wp\/v2\/tags?post=57312"}],"curies":[{"name":"wp","href":"https:\/\/api.w.org\/{rel}","templated":true}]}}