{"id":57307,"date":"2021-12-07T13:41:50","date_gmt":"2021-12-07T13:41:50","guid":{"rendered":"https:\/\/jorgezanoni.com.br\/2019\/?p=57307"},"modified":"2021-12-07T13:41:50","modified_gmt":"2021-12-07T13:41:50","slug":"direito-na-unifai-compromisso-com-a-cidadania","status":"publish","type":"post","link":"https:\/\/jorgezanoni.com.br\/2019\/direito-na-unifai-compromisso-com-a-cidadania\/","title":{"rendered":"Direito na UniFAI: Compromisso com a cidadania!"},"content":{"rendered":"<p style=\"text-align: justify;\">A conjuntura internacional exige que o (a) profissional que est\u00e1 atuando no mercado, ainda, independente da \u00e1rea, compet\u00eancia e qualifica\u00e7\u00e3o para estar em conex\u00e3o com as novas exig\u00eancias mercadol\u00f3gicas em tempo de Pandemia.<\/p>\n<p style=\"text-align: justify;\">Todas as a\u00e7\u00f5es de um jeito ou de outro s\u00e3o convergentes para que o objetivo possa ser alcan\u00e7ado de forma competente e efetiva, portanto, faz-se necess\u00e1rio estar em sintonia constante com os avan\u00e7os patrocinados pelo conhecimento humano e pela tecnologia.<\/p>\n<p style=\"text-align: justify;\">Neste cen\u00e1rio plural para o Mercado em tempo de p\u00f3s-globaliza\u00e7\u00e3o organizacional, pode-se destacar de forma intensa o Curso de Direito, considerando que a forma\u00e7\u00e3o acad\u00eamica proporcionada no per\u00edodo da gradua\u00e7\u00e3o, possibilita diversos olhares sobre um mesmo olhar.<\/p>\n<p style=\"text-align: justify;\">Portanto, trata-se de estar envolvido (a) com a denominada \u00c1rea das Ci\u00eancias Humanas na perspectiva das Ci\u00eancias Jur\u00eddicas, ainda, frente \u00e0s necessidades do ser humano pelo padr\u00e3o universal de justi\u00e7a.<\/p>\n<p style=\"text-align: justify;\"><strong>Forma\u00e7\u00e3o integral<\/strong><\/p>\n<p style=\"text-align: justify;\">Desta forma, cursando Direito na UniFAI, o (a) futuro (a) Advogado (a) est\u00e1 mais do inserido neste universo mediado pela sistematiza\u00e7\u00e3o e exig\u00eancia constante do di\u00e1logo para que a justi\u00e7a prevale\u00e7a para todos (as).<\/p>\n<p style=\"text-align: justify;\">Nesta busca pelo outro lado que continua sendo a marca registrada da imparcialidade frente \u00e0 integraliza\u00e7\u00e3o da comunidade em n\u00edvel global, a profa. Dra. Fernanda Butarelo afirma, a saber: \u201cO Direito \u00e9 uma ci\u00eancia humana relacionada com a conviv\u00eancia harm\u00f4nica e pac\u00edfica em sociedade. Al\u00e9m da excelente forma\u00e7\u00e3o integral que habilita o bacharel a escolher as diferentes carreiras jur\u00eddicas e trilhar o caminho do sucesso profissional, o curso de Direito da UNIFAI destaca-se pela aten\u00e7\u00e3o \u00e0 forma\u00e7\u00e3o \u00e9tica e cidad\u00e3, com enfoque no respeito \u00e0s diversidades e na atua\u00e7\u00e3o em busca de solu\u00e7\u00f5es pac\u00edficas de conflitos.\u201d<\/p>\n<p style=\"text-align: justify;\"><strong>Cidadania e A\u00e7\u00e3o social<\/strong><\/p>\n<p style=\"text-align: justify;\">A busca pela conquista da cidadania deve ser constante em todas as etapas do Curso de Direito da UniFAI, tendo em vista que para tais a\u00e7\u00f5es efetivas, o (a) acad\u00eamico (a) tem a disposi\u00e7\u00e3o a UNIFAI CIDAD\u00c3 por meio do N\u00facleo de Cidadania e A\u00e7\u00e3o Social.<\/p>\n<p style=\"text-align: justify;\">Assim, tais atividades envolvem os (as) discentes em atividades mediadas pela extens\u00e3o em benef\u00edcio da comunidade, tamb\u00e9m, as parcerias com institui\u00e7\u00f5es p\u00fablicas e organiza\u00e7\u00f5es que atuam na sociedade, possibilitam para os (as) acad\u00eamicos (as) do Curso de Direito da UniFAI uma conex\u00e3o jur\u00eddica entre a teoria e a \u201cpr\u00e1xis\u201d em tempo de Pandemia.<\/p>\n<p style=\"text-align: justify;\">Portanto, n\u00e3o basta estar para exercer tal participa\u00e7\u00e3o, torna-se fundamental marcar presen\u00e7a efetiva, assim, a profa. Butarelo afirma: \u00a0O empenho dos alunos \u00e9 not\u00f3rio e motiva as atividades acad\u00eamicas realizadas. O curso de Direito da UNIFAI est\u00e1 conectado com as novas exig\u00eancias de forma\u00e7\u00e3o e com a tarefa de colaborar com o desafio de edificar uma sociedade realmente livre, equilibrada, inclusiva, justa e pac\u00edfica.\u201d<\/p>\n<p style=\"text-align: justify;\">Participe deste desafio na escolha pelo Curso de Direito da UniFAI e fa\u00e7a a diferen\u00e7a neste tempo novo tempo que se chama hoje!<\/p>\n<p style=\"text-align: justify;\"><strong>Informa\u00e7\u00f5es:<\/strong> <a href=\"http:\/\/www.unifai.com.br\/vestibular\">www.unifai.com.br\/vestibular<\/a><\/p>\n<p>Texto: S\u00e9rgio Barbosa \/ UniFAI<\/p>\n<p style=\"text-align: justify;\">Foto: Profa. Dra. Fernanda Burarelo, docente do curso de Direito da UNIFAI.<\/p>\n","protected":false},"excerpt":{"rendered":"<p>A conjuntura internacional exige que o (a) profissional que est\u00e1 atuando no mercado, ainda, independente da \u00e1rea, compet\u00eancia e qualifica\u00e7\u00e3o para estar em conex\u00e3o com as novas exig\u00eancias mercadol\u00f3gicas em tempo de Pandemia. Todas as a\u00e7\u00f5es de um jeito ou de outro s\u00e3o convergentes para que o objetivo possa ser alcan\u00e7ado de forma competente e [&hellip;]<\/p>\n","protected":false},"author":1,"featured_media":57309,"comment_status":"closed","ping_status":"open","sticky":false,"template":"","format":"standard","meta":{"footnotes":""},"categories":[122],"tags":[],"class_list":["post-57307","post","type-post","status-publish","format-standard","has-post-thumbnail","hentry","category-saudeeducacaoeconcurso"],"_links":{"self":[{"href":"https:\/\/jorgezanoni.com.br\/2019\/wp-json\/wp\/v2\/posts\/57307","targetHints":{"allow":["GET"]}}],"collection":[{"href":"https:\/\/jorgezanoni.com.br\/2019\/wp-json\/wp\/v2\/posts"}],"about":[{"href":"https:\/\/jorgezanoni.com.br\/2019\/wp-json\/wp\/v2\/types\/post"}],"author":[{"embeddable":true,"href":"https:\/\/jorgezanoni.com.br\/2019\/wp-json\/wp\/v2\/users\/1"}],"replies":[{"embeddable":true,"href":"https:\/\/jorgezanoni.com.br\/2019\/wp-json\/wp\/v2\/comments?post=57307"}],"version-history":[{"count":0,"href":"https:\/\/jorgezanoni.com.br\/2019\/wp-json\/wp\/v2\/posts\/57307\/revisions"}],"wp:featuredmedia":[{"embeddable":true,"href":"https:\/\/jorgezanoni.com.br\/2019\/wp-json\/wp\/v2\/media\/57309"}],"wp:attachment":[{"href":"https:\/\/jorgezanoni.com.br\/2019\/wp-json\/wp\/v2\/media?parent=57307"}],"wp:term":[{"taxonomy":"category","embeddable":true,"href":"https:\/\/jorgezanoni.com.br\/2019\/wp-json\/wp\/v2\/categories?post=57307"},{"taxonomy":"post_tag","embeddable":true,"href":"https:\/\/jorgezanoni.com.br\/2019\/wp-json\/wp\/v2\/tags?post=57307"}],"curies":[{"name":"wp","href":"https:\/\/api.w.org\/{rel}","templated":true}]}}