{"id":57304,"date":"2021-12-07T13:20:35","date_gmt":"2021-12-07T13:20:35","guid":{"rendered":"https:\/\/jorgezanoni.com.br\/2019\/?p=57304"},"modified":"2021-12-07T13:20:35","modified_gmt":"2021-12-07T13:20:35","slug":"1o-encontro-de-carros-antigos-acontece-nos-dias-11-e-12-de-dezembro-em-florida-paulista","status":"publish","type":"post","link":"https:\/\/jorgezanoni.com.br\/2019\/1o-encontro-de-carros-antigos-acontece-nos-dias-11-e-12-de-dezembro-em-florida-paulista\/","title":{"rendered":"1\u00ba Encontro de Carros Antigos acontece nos dias 11 e 12 de dezembro em Fl\u00f3rida Paulista"},"content":{"rendered":"<p style=\"text-align: justify;\">Fl\u00f3rida Paulista vai sediar o 1\u00ba Encontro de Carros Antigos nos dias 11 e 12 de dezembro.<br \/>\nO evento ser\u00e1 realizado no Centro de Lazer e ter\u00e1 entrada gratuita e renda em prol ao Asilo S\u00e3o Vicente de Paulo.<br \/>\nDe acordo com a comiss\u00e3o organizadora do evento, o Centro de Lazer receber\u00e1 uma ampla estrutura com tendas e pra\u00e7a de alimenta\u00e7\u00e3o das entidades.<br \/>\nForam convidados clubes e expositores de diversas cidades e muitos j\u00e1 confirmaram presen\u00e7a no evento, que promete trazer p\u00fablico tamb\u00e9m da regi\u00e3o.<br \/>\nNo dia 11 (s\u00e1bado) o evento ter\u00e1 in\u00edcio \u00e0s 18h e no dia 12 (domingo) ter\u00e1 in\u00edcio \u00e0s 8h.<br \/>\nA pra\u00e7a de alimenta\u00e7\u00e3o ter\u00e1 pastel, churrasco, bebidas, churros, al\u00e9m de brinquedos para as crian\u00e7as. Tudo com pre\u00e7o acess\u00edvel para a quem comparecer.<br \/>\nO evento contar\u00e1 com o total apoio da Prefeitura Municipal de Fl\u00f3rida Paulista atrav\u00e9s da Secretaria de Esportes e Cultura.<br \/>\nO jornal e site Folha Regional tamb\u00e9m apoia o evento que ter\u00e1 cobertura total da equipe de jornalismo.<\/p>\n<p style=\"text-align: justify;\">Fonte: Folha Regional<\/p>\n","protected":false},"excerpt":{"rendered":"<p>Fl\u00f3rida Paulista vai sediar o 1\u00ba Encontro de Carros Antigos nos dias 11 e 12 de dezembro. O evento ser\u00e1 realizado no Centro de Lazer e ter\u00e1 entrada gratuita e renda em prol ao Asilo S\u00e3o Vicente de Paulo. De acordo com a comiss\u00e3o organizadora do evento, o Centro de Lazer receber\u00e1 uma ampla estrutura [&hellip;]<\/p>\n","protected":false},"author":1,"featured_media":57305,"comment_status":"closed","ping_status":"open","sticky":false,"template":"","format":"standard","meta":{"footnotes":""},"categories":[172,180],"tags":[],"class_list":["post-57304","post","type-post","status-publish","format-standard","has-post-thumbnail","hentry","category-agenda","category-estradastransitoveiculos"],"_links":{"self":[{"href":"https:\/\/jorgezanoni.com.br\/2019\/wp-json\/wp\/v2\/posts\/57304","targetHints":{"allow":["GET"]}}],"collection":[{"href":"https:\/\/jorgezanoni.com.br\/2019\/wp-json\/wp\/v2\/posts"}],"about":[{"href":"https:\/\/jorgezanoni.com.br\/2019\/wp-json\/wp\/v2\/types\/post"}],"author":[{"embeddable":true,"href":"https:\/\/jorgezanoni.com.br\/2019\/wp-json\/wp\/v2\/users\/1"}],"replies":[{"embeddable":true,"href":"https:\/\/jorgezanoni.com.br\/2019\/wp-json\/wp\/v2\/comments?post=57304"}],"version-history":[{"count":0,"href":"https:\/\/jorgezanoni.com.br\/2019\/wp-json\/wp\/v2\/posts\/57304\/revisions"}],"wp:featuredmedia":[{"embeddable":true,"href":"https:\/\/jorgezanoni.com.br\/2019\/wp-json\/wp\/v2\/media\/57305"}],"wp:attachment":[{"href":"https:\/\/jorgezanoni.com.br\/2019\/wp-json\/wp\/v2\/media?parent=57304"}],"wp:term":[{"taxonomy":"category","embeddable":true,"href":"https:\/\/jorgezanoni.com.br\/2019\/wp-json\/wp\/v2\/categories?post=57304"},{"taxonomy":"post_tag","embeddable":true,"href":"https:\/\/jorgezanoni.com.br\/2019\/wp-json\/wp\/v2\/tags?post=57304"}],"curies":[{"name":"wp","href":"https:\/\/api.w.org\/{rel}","templated":true}]}}