{"id":57288,"date":"2021-12-06T19:39:17","date_gmt":"2021-12-06T19:39:17","guid":{"rendered":"https:\/\/jorgezanoni.com.br\/2019\/?p=57288"},"modified":"2021-12-06T19:39:17","modified_gmt":"2021-12-06T19:39:17","slug":"academicos-da-unifadra-apresentarao-nove-trabalhos-no-congresso-nacional-de-iniciacao-cientifica","status":"publish","type":"post","link":"https:\/\/jorgezanoni.com.br\/2019\/academicos-da-unifadra-apresentarao-nove-trabalhos-no-congresso-nacional-de-iniciacao-cientifica\/","title":{"rendered":"Acad\u00eamicos da Unifadra apresentar\u00e3o nove trabalhos no Congresso Nacional de Inicia\u00e7\u00e3o Cient\u00edfica"},"content":{"rendered":"<p style=\"text-align: justify;\"><span style=\"font-size: large;\">De 7 a 10 de dezembro, ser\u00e1 realizado o 21\u00ba Congresso Nacional de Inicia\u00e7\u00e3o Cient\u00edfica &#8211; CONIC\/SEMESP, o maior da modalidade no pa\u00eds. Em formato on-line, o evento deste ano aprovou nove trabalhos de acad\u00eamicos da Unifadra, dos cursos de Enfermagem, Medicina e Psicologia.<\/span><\/p>\n<p><span style=\"font-size: large;\">Segundo a respons\u00e1vel pelo Departamento de Pesquisa da Unifadra\u00a0<\/span>Profa. Dra.<span style=\"font-size: large;\">\u00a0Priscilla Tartari, a faculdade participa desse congresso desde suas primeiras edi\u00e7\u00f5es, apresentando trabalhos nas mais diferentes \u00e1reas do saber e linhas de pesquisa, com premia\u00e7\u00f5es nas edi\u00e7\u00f5es mais recentes do CONIC: em 2017 (1\u00ba lugar), 2018 (10\u00ba lugar) e 2020 (2\u00ba e 8\u00ba lugares).<\/span><\/p>\n<p><span style=\"font-size: large;\">&#8220;Neste ano, as \u00e1reas de Psicologia e Enfermagem foram as mais exploradas pelos alunos, com trabalhos voltados \u00e0 sa\u00fade e aspectos comportamentais. Al\u00e9m de pesquisas sobre as doen\u00e7as de Alzheimer e Parkinson, tivemos alunos que buscaram analisar, por exemplo, o impacto que a not\u00edcia de uma doen\u00e7a causa no paciente infantil, como a rotina imposta por uma doen\u00e7a impacta a vida de cuidadores, os desafios profissionais na pandemia, a comunica\u00e7\u00e3o entre intergestores, os aspectos culturais sobre a homossexualidade. Al\u00e9m disso, na Medicina, tivemos um trabalho que explorou as patologias associadas \u00e0 s\u00edndrome de Down&#8221;, ressalta a coordenadora.<\/span><\/p>\n<p><span style=\"font-size: large;\">Divididos em salas virtuais, os seguintes trabalhos cient\u00edficos da Unifadra Dracena ser\u00e3o apresentados no 21\u00ba CONIC:<\/span><\/p>\n<p><span style=\"font-size: large;\">Psico-oncologia infantil: impactos do diagn\u00f3stico de leucemia (Psicologia)<\/span><br \/>\n<span style=\"font-size: large;\">Yohana Beatriz Alves Martins<\/span><br \/>\n<span style=\"font-size: large;\">07\/12, 15h45, Sala 20<\/span><\/p>\n<p><span style=\"font-size: large;\">Cuidados paliativos: a aceita\u00e7\u00e3o do paciente, familiares e sociedade (Enfermagem)<\/span><br \/>\n<span style=\"font-size: large;\">Vanilza Leite Scarabelli Arcas \/ Brenda Duarte Alves da Silva \/ Jaqueline Charalli Parpineli<\/span><br \/>\n<span style=\"font-size: large;\">08\/12, 16h30, Sala 12<\/span><\/p>\n<p><span style=\"font-size: large;\">Doen\u00e7a de Alzheimer: impactos f\u00edsicos, psicol\u00f3gicos e sociais causados em cuidadores (Enfermagem)<\/span><br \/>\n<span style=\"font-size: large;\">Vit\u00f3ria Delma Barbosa de Souza \/ Nat\u00e1lia Cardoso Rodrigues<\/span><br \/>\n<span style=\"font-size: large;\">08\/12, \u00e0s 16h30, Sala 13<\/span><\/p>\n<p><span style=\"font-size: large;\">O problema sist\u00eamico na comunica\u00e7\u00e3o entre os intergestores nas redes de aten\u00e7\u00e3o \u00e0 sa\u00fade (Enfermagem)<\/span><br \/>\n<span style=\"font-size: large;\">Allan Barbosa Pereira \/ Gabrielli Souza Silveira \/ Guilherme Ayala Barravieira<\/span><br \/>\n<span style=\"font-size: large;\">08\/12, 16h30, Sala 14<\/span><\/p>\n<p><span style=\"font-size: large;\">Perfil de uso de medicamentos de pacientes com doen\u00e7a de Parkinson (Enfermagem)<\/span><br \/>\n<span style=\"font-size: large;\">Wesley Shigueyuki Steinel Arai \/ Beatriz Silva Braga \/ Stefani Sant&#8217;anna da Silva<\/span><br \/>\n<span style=\"font-size: large;\">08\/12, 16h30, Sala 15<\/span><\/p>\n<p><span style=\"font-size: large;\">Defeito do septo atrioventricular relacionado \u00e0 s\u00edndrome de Down (Medicina)<\/span><br \/>\n<span style=\"font-size: large;\">Bruna Frascino Bressan Corr\u00eaa \/ Luiz Eduardo do Carmo Vidal<\/span><br \/>\n<span style=\"font-size: large;\">09\/12, 14h15, Sala 13<\/span><\/p>\n<p><span style=\"font-size: large;\">A (des)constru\u00e7\u00e3o cultural do saber hegem\u00f4nico acerca da homossexualidade (Psicologia)<\/span><br \/>\n<span style=\"font-size: large;\">Leonardo de Moraes Vieira \/ Lu\u00eds Fernando Ara\u00fajo Oliveira Silva<\/span><br \/>\n<span style=\"font-size: large;\">09\/12, 16h30, Sala 19<\/span><\/p>\n<p><span style=\"font-size: large;\">O acolhimento psicol\u00f3gico de pacientes com Parkinson e cuidadores em tempos de pandemia pela Covid-19 (Psicologia)<\/span><br \/>\n<span style=\"font-size: large;\">Maria Eduarda Garbelini Pinheiro \/ Am\u00e9lia Rangel Ramos Pereira \/ Beatriz Lopes de Souza<\/span><br \/>\n<span style=\"font-size: large;\">09\/12, 16h30, Sala 19<\/span><\/p>\n<p><span style=\"font-size: large;\">Os desafios dos profissionais de enfermagem diante da pandemia da Covid-19 (Enfermagem)<\/span><br \/>\n<span style=\"font-size: large;\">Renan Nobre\u00a0<\/span>Ruedel<span style=\"font-size: large;\">\u00a0\/ Clara Oliveira\u00a0<\/span>Curti<span style=\"font-size: large;\">\u00a0\/ Kelly Bianca dos Santos Rehem<\/span><br \/>\n<span style=\"font-size: large;\">10\/12, 14h15, Sala 14<\/span><\/p>\n<p><span style=\"font-size: large;\">O diretor acad\u00eamico da Unifadra Enio Garbelini parabenizou a participa\u00e7\u00e3o dos acad\u00eamicos no CONIC, destacando a qualidade dos trabalhos que est\u00e3o sendo apresentados pelos acad\u00eamicos da Unifadra Dracena.<\/span><\/p>\n<p><span style=\"font-size: large;\"><b>CONIC\/SEMESP<\/b><\/span><\/p>\n<p><span style=\"font-size: large;\">Realizado pelo Semesp desde 2001, o Congresso Nacional de Inicia\u00e7\u00e3o Cient\u00edfica \u2013 CONIC\/SEMESP tem como objetivo identificar talentos, estimular a produ\u00e7\u00e3o de conte\u00fado cient\u00edfico, al\u00e9m de viabilizar na pr\u00e1tica os projetos apresentados pelos alunos, por meio do exerc\u00edcio da criatividade e de conhecimentos adquiridos. O CONIC apoia o desenvolvimento intelectual cont\u00ednuo dos alunos do Ensino Superior, incentiva a pesquisa, a arte e a cultura e busca facilitar o contato com o que h\u00e1 de mais novo no mercado, ao mesmo tempo em que promove visibilidade e valor aos trabalhos apresentados. Saiba mais:\u00a0<a href=\"https:\/\/www.semesp.org.br\/conic\" target=\"_blank\" rel=\"noopener noreferrer\">https:\/\/www.semesp.org.br\/conic<\/a><\/span><\/p>\n<p>Fonte: Depto. de Comunica\u00e7\u00e3o Fundec<\/p>\n","protected":false},"excerpt":{"rendered":"<p>De 7 a 10 de dezembro, ser\u00e1 realizado o 21\u00ba Congresso Nacional de Inicia\u00e7\u00e3o Cient\u00edfica &#8211; CONIC\/SEMESP, o maior da modalidade no pa\u00eds. Em formato on-line, o evento deste ano aprovou nove trabalhos de acad\u00eamicos da Unifadra, dos cursos de Enfermagem, Medicina e Psicologia. Segundo a respons\u00e1vel pelo Departamento de Pesquisa da Unifadra\u00a0Profa. Dra.\u00a0Priscilla Tartari, [&hellip;]<\/p>\n","protected":false},"author":1,"featured_media":57289,"comment_status":"closed","ping_status":"open","sticky":false,"template":"","format":"standard","meta":{"footnotes":""},"categories":[110,122],"tags":[],"class_list":["post-57288","post","type-post","status-publish","format-standard","has-post-thumbnail","hentry","category-noticiasdestaque","category-saudeeducacaoeconcurso"],"_links":{"self":[{"href":"https:\/\/jorgezanoni.com.br\/2019\/wp-json\/wp\/v2\/posts\/57288","targetHints":{"allow":["GET"]}}],"collection":[{"href":"https:\/\/jorgezanoni.com.br\/2019\/wp-json\/wp\/v2\/posts"}],"about":[{"href":"https:\/\/jorgezanoni.com.br\/2019\/wp-json\/wp\/v2\/types\/post"}],"author":[{"embeddable":true,"href":"https:\/\/jorgezanoni.com.br\/2019\/wp-json\/wp\/v2\/users\/1"}],"replies":[{"embeddable":true,"href":"https:\/\/jorgezanoni.com.br\/2019\/wp-json\/wp\/v2\/comments?post=57288"}],"version-history":[{"count":0,"href":"https:\/\/jorgezanoni.com.br\/2019\/wp-json\/wp\/v2\/posts\/57288\/revisions"}],"wp:featuredmedia":[{"embeddable":true,"href":"https:\/\/jorgezanoni.com.br\/2019\/wp-json\/wp\/v2\/media\/57289"}],"wp:attachment":[{"href":"https:\/\/jorgezanoni.com.br\/2019\/wp-json\/wp\/v2\/media?parent=57288"}],"wp:term":[{"taxonomy":"category","embeddable":true,"href":"https:\/\/jorgezanoni.com.br\/2019\/wp-json\/wp\/v2\/categories?post=57288"},{"taxonomy":"post_tag","embeddable":true,"href":"https:\/\/jorgezanoni.com.br\/2019\/wp-json\/wp\/v2\/tags?post=57288"}],"curies":[{"name":"wp","href":"https:\/\/api.w.org\/{rel}","templated":true}]}}