{"id":57276,"date":"2021-12-06T12:59:04","date_gmt":"2021-12-06T12:59:04","guid":{"rendered":"https:\/\/jorgezanoni.com.br\/2019\/?p=57276"},"modified":"2021-12-06T12:59:04","modified_gmt":"2021-12-06T12:59:04","slug":"morre-a-atriz-mila-moreira","status":"publish","type":"post","link":"https:\/\/jorgezanoni.com.br\/2019\/morre-a-atriz-mila-moreira\/","title":{"rendered":"Morre a atriz Mila Moreira"},"content":{"rendered":"<h2 class=\"content-head__subtitle\" style=\"text-align: justify;\"><strong>Atriz estava internada no Hospital CopaStar, na Zona Sul do Rio de Janeiro, e faleceu na madrugada desta segunda-feira (6). Ela foi uma das primeiras modelos a atuar.<\/strong><\/h2>\n<div class=\"mc-column content-text active-extra-styles \" data-block-type=\"unstyled\" data-block-weight=\"28\" data-block-id=\"2\">\n<p class=\"content-text__container \" style=\"text-align: justify;\" data-track-category=\"Link no Texto\" data-track-links=\"\">Morreu na madrugada desta segunda-feira (6) a atriz Mila Moreira. A informa\u00e7\u00e3o foi confirmada pelo Hospital CopaStar, onde ela estava internada. A causa da morte n\u00e3o foi divulgada.<\/p>\n<\/div>\n<div class=\"wall protected-content\">\n<div class=\"mc-column content-text active-extra-styles \" data-block-type=\"unstyled\" data-block-weight=\"38\" data-block-id=\"3\">\n<p class=\"content-text__container \" style=\"text-align: justify;\" data-track-category=\"Link no Texto\" data-track-links=\"\">Mila come\u00e7ou a carreira como modelo, aos 14 anos, e participou de diversas novelas na TV Globo, entre elas &#8220;Plumas e Paet\u00eas&#8221; e &#8220;Marrom Glac\u00e9&#8221;. Ao longo da carreira, ela esteve em cerca de 30 novelas e miniss\u00e9ries.<\/p>\n<\/div>\n<div class=\"mc-column content-text active-extra-styles\" data-block-type=\"raw\" data-block-weight=\"10\" data-block-id=\"4\">\n<ul class=\"content-unordered-list\">\n<li><a href=\"https:\/\/api.whatsapp.com\/send?text=https:\/\/g1.globo.com\/rj\/rio-de-janeiro\/noticia\/2021\/12\/06\/morre-a-atriz-mila-moreira.ghtml?utm_source%3Dwhatsapp%26utm_medium%3Dshare-engagement%26utm_campaign%3Dte-materias\" target=\"_blank\" rel=\"noopener\">Compartilhe esta not\u00edcia no WhatsApp<\/a><\/li>\n<li><a href=\"https:\/\/telegram.me\/share\/url?url=https:\/\/g1.globo.com\/rj\/rio-de-janeiro\/noticia\/2021\/12\/06\/morre-a-atriz-mila-moreira.ghtml?utm_source%3Dtelegram%26utm_medium%3Dshare-engagement%26utm_campaign%3Dte-materias\" target=\"_blank\" rel=\"noopener\">Compartilhe esta not\u00edcia no Telegram<\/a><\/li>\n<\/ul>\n<\/div>\n<div class=\"row medium-uncollapsed content-media content-photo\" data-block-type=\"backstage-photo\" data-block-id=\"5\">\n<div class=\"mc-column content-media__container\">\n<div class=\"content-media-container glb-skeleton-box\">\n<figure class=\"content-media-figure\"><img decoding=\"async\" class=\"i-amphtml-fill-content i-amphtml-replaced-content\" src=\"https:\/\/s2.glbimg.com\/aV6wd66664Ax1WYkX3tg-Giw5GU=\/0x0:1920x1080\/984x0\/smart\/filters:strip_icc()\/i.s3.glbimg.com\/v1\/AUTH_59edd422c0c84a879bd37670ae4f538a\/internal_photos\/bs\/2021\/P\/d\/eAfOGhTHiGYIfv1iuYfA\/bdbr-mila2-1-.jpeg\" sizes=\"(max-width: 1366px) 648px, 100vw\" srcset=\"https:\/\/s2.glbimg.com\/v84Ae53PzBn7eBSZd7w6TVS8XQc=\/0x0:1920x1080\/1000x0\/smart\/filters:strip_icc()\/i.s3.glbimg.com\/v1\/AUTH_59edd422c0c84a879bd37670ae4f538a\/internal_photos\/bs\/2021\/P\/d\/eAfOGhTHiGYIfv1iuYfA\/bdbr-mila2-1-.jpeg 1000w, https:\/\/s2.glbimg.com\/aV6wd66664Ax1WYkX3tg-Giw5GU=\/0x0:1920x1080\/984x0\/smart\/filters:strip_icc()\/i.s3.glbimg.com\/v1\/AUTH_59edd422c0c84a879bd37670ae4f538a\/internal_photos\/bs\/2021\/P\/d\/eAfOGhTHiGYIfv1iuYfA\/bdbr-mila2-1-.jpeg 984w, https:\/\/s2.glbimg.com\/PxQKZucoH1QuhQsnsTWG5gR9Fys=\/0x0:1920x1080\/640x0\/smart\/filters:strip_icc()\/i.s3.glbimg.com\/v1\/AUTH_59edd422c0c84a879bd37670ae4f538a\/internal_photos\/bs\/2021\/P\/d\/eAfOGhTHiGYIfv1iuYfA\/bdbr-mila2-1-.jpeg 640w, https:\/\/s2.glbimg.com\/T9W9qVNwnsP-1TpVNSe9ABjPgKk=\/0x0:1920x1080\/600x0\/smart\/filters:strip_icc()\/i.s3.glbimg.com\/v1\/AUTH_59edd422c0c84a879bd37670ae4f538a\/internal_photos\/bs\/2021\/P\/d\/eAfOGhTHiGYIfv1iuYfA\/bdbr-mila2-1-.jpeg 600w\" alt=\"Mila Moreira fez cerca de 30 trabalhos na televis\u00e3o, a maioria na TV Globo \u2014 Foto: Reprodu\u00e7\u00e3o\/ TV Globo\" \/><\/figure>\n<\/div>\n<p class=\"content-media__description \" style=\"text-align: justify;\">Mila Moreira fez cerca de 30 trabalhos na televis\u00e3o, a maioria na TV Globo \u2014 Foto: Reprodu\u00e7\u00e3o\/ TV Globo<\/p>\n<\/div>\n<\/div>\n<div class=\"content-ads content-ads--reveal\" data-block-type=\"ads\" data-block-id=\"6\">\n<div id=\"banner_materia2\" class=\"tag-manager-publicidade-container mc-has-reveal mc-has-ad-lazyload tag-manager-publicidade-banner_materia2 tag-manager-publicidade-container--carregado tag-manager-publicidade-container--visivel\" data-id=\"banner_materia2\" data-req=\"true\" data-google-query-id=\"CJm6jt-bz_QCFXOKlQIdde8EJQ\" data-cid=\"null\" data-lid=\"null\">\n<div id=\"google_ads_iframe_\/95377733\/tvg_G1\/Sua_Regiao&gt;Sudeste&gt;Rio_de_Janeiro_3__container__\" style=\"box-sizing: inherit; margin: auto; padding: 0px; border: 0pt none; font: inherit; vertical-align: initial; max-width: 100%; width: 970px; height: 250px; text-align: justify;\">Ela foi uma das primeiras modelos a atuar. Em entrevista ao Video Show, ela afirmou ter enfrentado preconceito. A estreia aconteceu em &#8220;Marron Glac\u00e9&#8221;, em 1979, quando interpretou \u00c9rica.\u00a0 \u00a0 Na \u00e9poca, n\u00e3o era comum ter uma modelo fazendo televis\u00e3o, ent\u00e3o, claro que, inicialmente, teve um preconceito. Todo mundo ficava esperando para meter o pau mesmo. Os olhares tortos eram mais por conta de ser uma pessoa fora da classe. Era como hoje, as pessoas ainda acham que voc\u00ea est\u00e1 roubando o trabalho dos outros. Voc\u00ea estuda para ser atriz e chega algu\u00e9m que s\u00f3 porque \u00e9 bonitinha e est\u00e1 na moda vira atriz&#8221;, disse Mila.<\/div>\n<div style=\"box-sizing: inherit; margin: auto; padding: 0px; border: 0pt none; font: inherit; vertical-align: initial; max-width: 100%; width: 970px; height: 250px; text-align: justify;\">Fonte: https:\/\/g1.globo.com\/rj\/rio-de-janeiro\/noticia\/2021\/12\/06\/morre-a-atriz-mila-moreira.ghtml<\/div>\n<div style=\"box-sizing: inherit; margin: auto; padding: 0px; border: 0pt none; font: inherit; vertical-align: initial; max-width: 100%; width: 970px; height: 250px; text-align: justify;\"><\/div>\n<div style=\"box-sizing: inherit; margin: auto; padding: 0px; border: 0pt none; font: inherit; vertical-align: initial; max-width: 100%; width: 970px; height: 250px; text-align: justify;\"><\/div>\n<div><\/div>\n<\/div>\n<\/div>\n<\/div>\n","protected":false},"excerpt":{"rendered":"<p>Atriz estava internada no Hospital CopaStar, na Zona Sul do Rio de Janeiro, e faleceu na madrugada desta segunda-feira (6). Ela foi uma das primeiras modelos a atuar. Morreu na madrugada desta segunda-feira (6) a atriz Mila Moreira. A informa\u00e7\u00e3o foi confirmada pelo Hospital CopaStar, onde ela estava internada. A causa da morte n\u00e3o foi [&hellip;]<\/p>\n","protected":false},"author":1,"featured_media":57277,"comment_status":"closed","ping_status":"open","sticky":false,"template":"","format":"standard","meta":{"footnotes":""},"categories":[178,110],"tags":[],"class_list":["post-57276","post","type-post","status-publish","format-standard","has-post-thumbnail","hentry","category-notadefalecimento","category-noticiasdestaque"],"_links":{"self":[{"href":"https:\/\/jorgezanoni.com.br\/2019\/wp-json\/wp\/v2\/posts\/57276","targetHints":{"allow":["GET"]}}],"collection":[{"href":"https:\/\/jorgezanoni.com.br\/2019\/wp-json\/wp\/v2\/posts"}],"about":[{"href":"https:\/\/jorgezanoni.com.br\/2019\/wp-json\/wp\/v2\/types\/post"}],"author":[{"embeddable":true,"href":"https:\/\/jorgezanoni.com.br\/2019\/wp-json\/wp\/v2\/users\/1"}],"replies":[{"embeddable":true,"href":"https:\/\/jorgezanoni.com.br\/2019\/wp-json\/wp\/v2\/comments?post=57276"}],"version-history":[{"count":0,"href":"https:\/\/jorgezanoni.com.br\/2019\/wp-json\/wp\/v2\/posts\/57276\/revisions"}],"wp:featuredmedia":[{"embeddable":true,"href":"https:\/\/jorgezanoni.com.br\/2019\/wp-json\/wp\/v2\/media\/57277"}],"wp:attachment":[{"href":"https:\/\/jorgezanoni.com.br\/2019\/wp-json\/wp\/v2\/media?parent=57276"}],"wp:term":[{"taxonomy":"category","embeddable":true,"href":"https:\/\/jorgezanoni.com.br\/2019\/wp-json\/wp\/v2\/categories?post=57276"},{"taxonomy":"post_tag","embeddable":true,"href":"https:\/\/jorgezanoni.com.br\/2019\/wp-json\/wp\/v2\/tags?post=57276"}],"curies":[{"name":"wp","href":"https:\/\/api.w.org\/{rel}","templated":true}]}}