{"id":57207,"date":"2021-12-04T22:28:50","date_gmt":"2021-12-04T22:28:50","guid":{"rendered":"https:\/\/jorgezanoni.com.br\/2019\/?p=57207"},"modified":"2021-12-04T22:28:50","modified_gmt":"2021-12-04T22:28:50","slug":"comdefi-realizou-manifestacao-de-conscientizacao-a-pessoa-com-deficiencia","status":"publish","type":"post","link":"https:\/\/jorgezanoni.com.br\/2019\/comdefi-realizou-manifestacao-de-conscientizacao-a-pessoa-com-deficiencia\/","title":{"rendered":"COMDEFI realizou manifesta\u00e7\u00e3o de conscientiza\u00e7\u00e3o \u00e0 pessoa com defici\u00eancia"},"content":{"rendered":"<p style=\"text-align: justify;\">Hoje 04\/12 s\u00e1bado, na Pra\u00e7a Arthur Pagnozzi o COMDEFI realizou a manifesta\u00e7\u00e3o de conscientiza\u00e7\u00e3o de desrespeito \u00e0s vagas exclusivas para pessoa com defici\u00eancia concomitante em alus\u00e3o a data do Dia Internacional da Pessoa com Defici\u00eancia (03\/12) juntamente com a Virada Inclusiva do Estado de S\u00e3o Paulo!<\/p>\n<p><img loading=\"lazy\" decoding=\"async\" class=\"alignnone size-full wp-image-57208\" src=\"https:\/\/jorgezanoni.com.br\/2019\/wp-content\/uploads\/2021\/12\/praca2.jpg\" alt=\"\" width=\"1280\" height=\"720\" srcset=\"https:\/\/jorgezanoni.com.br\/2019\/wp-content\/uploads\/2021\/12\/praca2.jpg 1280w, https:\/\/jorgezanoni.com.br\/2019\/wp-content\/uploads\/2021\/12\/praca2-300x169.jpg 300w, https:\/\/jorgezanoni.com.br\/2019\/wp-content\/uploads\/2021\/12\/praca2-1024x576.jpg 1024w, https:\/\/jorgezanoni.com.br\/2019\/wp-content\/uploads\/2021\/12\/praca2-768x432.jpg 768w, https:\/\/jorgezanoni.com.br\/2019\/wp-content\/uploads\/2021\/12\/praca2-696x392.jpg 696w, https:\/\/jorgezanoni.com.br\/2019\/wp-content\/uploads\/2021\/12\/praca2-1068x601.jpg 1068w, https:\/\/jorgezanoni.com.br\/2019\/wp-content\/uploads\/2021\/12\/praca2-747x420.jpg 747w\" sizes=\"auto, (max-width: 1280px) 100vw, 1280px\" \/> <img loading=\"lazy\" decoding=\"async\" class=\"alignnone size-full wp-image-57209\" src=\"https:\/\/jorgezanoni.com.br\/2019\/wp-content\/uploads\/2021\/12\/praca3.jpg\" alt=\"\" width=\"1600\" height=\"900\" srcset=\"https:\/\/jorgezanoni.com.br\/2019\/wp-content\/uploads\/2021\/12\/praca3.jpg 1600w, https:\/\/jorgezanoni.com.br\/2019\/wp-content\/uploads\/2021\/12\/praca3-300x169.jpg 300w, https:\/\/jorgezanoni.com.br\/2019\/wp-content\/uploads\/2021\/12\/praca3-1024x576.jpg 1024w, https:\/\/jorgezanoni.com.br\/2019\/wp-content\/uploads\/2021\/12\/praca3-768x432.jpg 768w, https:\/\/jorgezanoni.com.br\/2019\/wp-content\/uploads\/2021\/12\/praca3-1536x864.jpg 1536w, https:\/\/jorgezanoni.com.br\/2019\/wp-content\/uploads\/2021\/12\/praca3-696x392.jpg 696w, https:\/\/jorgezanoni.com.br\/2019\/wp-content\/uploads\/2021\/12\/praca3-1068x601.jpg 1068w, https:\/\/jorgezanoni.com.br\/2019\/wp-content\/uploads\/2021\/12\/praca3-747x420.jpg 747w\" sizes=\"auto, (max-width: 1600px) 100vw, 1600px\" \/> <img loading=\"lazy\" decoding=\"async\" class=\"alignnone size-full wp-image-57210\" src=\"https:\/\/jorgezanoni.com.br\/2019\/wp-content\/uploads\/2021\/12\/praca4.jpg\" alt=\"\" width=\"1600\" height=\"900\" srcset=\"https:\/\/jorgezanoni.com.br\/2019\/wp-content\/uploads\/2021\/12\/praca4.jpg 1600w, https:\/\/jorgezanoni.com.br\/2019\/wp-content\/uploads\/2021\/12\/praca4-300x169.jpg 300w, https:\/\/jorgezanoni.com.br\/2019\/wp-content\/uploads\/2021\/12\/praca4-1024x576.jpg 1024w, https:\/\/jorgezanoni.com.br\/2019\/wp-content\/uploads\/2021\/12\/praca4-768x432.jpg 768w, https:\/\/jorgezanoni.com.br\/2019\/wp-content\/uploads\/2021\/12\/praca4-1536x864.jpg 1536w, https:\/\/jorgezanoni.com.br\/2019\/wp-content\/uploads\/2021\/12\/praca4-696x392.jpg 696w, https:\/\/jorgezanoni.com.br\/2019\/wp-content\/uploads\/2021\/12\/praca4-1068x601.jpg 1068w, https:\/\/jorgezanoni.com.br\/2019\/wp-content\/uploads\/2021\/12\/praca4-747x420.jpg 747w\" sizes=\"auto, (max-width: 1600px) 100vw, 1600px\" \/><\/p>\n","protected":false},"excerpt":{"rendered":"<p>Hoje 04\/12 s\u00e1bado, na Pra\u00e7a Arthur Pagnozzi o COMDEFI realizou a manifesta\u00e7\u00e3o de conscientiza\u00e7\u00e3o de desrespeito \u00e0s vagas exclusivas para pessoa com defici\u00eancia concomitante em alus\u00e3o a data do Dia Internacional da Pessoa com Defici\u00eancia (03\/12) juntamente com a Virada Inclusiva do Estado de S\u00e3o Paulo!<\/p>\n","protected":false},"author":1,"featured_media":57211,"comment_status":"closed","ping_status":"open","sticky":false,"template":"","format":"standard","meta":{"footnotes":""},"categories":[179,184,110],"tags":[],"class_list":["post-57207","post","type-post","status-publish","format-standard","has-post-thumbnail","hentry","category-cidadeseregiao","category-dracena","category-noticiasdestaque"],"_links":{"self":[{"href":"https:\/\/jorgezanoni.com.br\/2019\/wp-json\/wp\/v2\/posts\/57207","targetHints":{"allow":["GET"]}}],"collection":[{"href":"https:\/\/jorgezanoni.com.br\/2019\/wp-json\/wp\/v2\/posts"}],"about":[{"href":"https:\/\/jorgezanoni.com.br\/2019\/wp-json\/wp\/v2\/types\/post"}],"author":[{"embeddable":true,"href":"https:\/\/jorgezanoni.com.br\/2019\/wp-json\/wp\/v2\/users\/1"}],"replies":[{"embeddable":true,"href":"https:\/\/jorgezanoni.com.br\/2019\/wp-json\/wp\/v2\/comments?post=57207"}],"version-history":[{"count":0,"href":"https:\/\/jorgezanoni.com.br\/2019\/wp-json\/wp\/v2\/posts\/57207\/revisions"}],"wp:featuredmedia":[{"embeddable":true,"href":"https:\/\/jorgezanoni.com.br\/2019\/wp-json\/wp\/v2\/media\/57211"}],"wp:attachment":[{"href":"https:\/\/jorgezanoni.com.br\/2019\/wp-json\/wp\/v2\/media?parent=57207"}],"wp:term":[{"taxonomy":"category","embeddable":true,"href":"https:\/\/jorgezanoni.com.br\/2019\/wp-json\/wp\/v2\/categories?post=57207"},{"taxonomy":"post_tag","embeddable":true,"href":"https:\/\/jorgezanoni.com.br\/2019\/wp-json\/wp\/v2\/tags?post=57207"}],"curies":[{"name":"wp","href":"https:\/\/api.w.org\/{rel}","templated":true}]}}