{"id":57175,"date":"2021-12-04T14:01:32","date_gmt":"2021-12-04T14:01:32","guid":{"rendered":"https:\/\/jorgezanoni.com.br\/2019\/?p=57175"},"modified":"2021-12-04T22:11:20","modified_gmt":"2021-12-04T22:11:20","slug":"fisioterapia-da-unifai-pra-fazer-a-diferenca","status":"publish","type":"post","link":"https:\/\/jorgezanoni.com.br\/2019\/fisioterapia-da-unifai-pra-fazer-a-diferenca\/","title":{"rendered":"Fisioterapia da UniFAI pra fazer a diferen\u00e7a!"},"content":{"rendered":"<p><strong>S\u00e9rgio Barbosa \/ UniFAI<\/strong><\/p>\n<p style=\"text-align: justify;\">N\u00e3o tem como deixar de lado que existem Cursos diferenciados em todas as \u00e1reas do conhecimento em n\u00edvel de gradua\u00e7\u00e3o, todavia, deve-se registrar que este ou aquele Curso pode e deve fazer a diferen\u00e7a no Mercado.<\/p>\n<p style=\"text-align: justify;\">Tamb\u00e9m, a Pandemia desde o in\u00edcio, refor\u00e7ou para a sociedade, que os cursos que oferecem forma\u00e7\u00e3o na \u00e1rea da Sa\u00fade est\u00e3o em linha de atua\u00e7\u00e3o direta com a preven\u00e7\u00e3o e controle das etapas relacionadas com todos os aspectos relacionados com o Coronav\u00edrus em n\u00edvel glocal, ou seja, do global para o local.<\/p>\n<p style=\"text-align: justify;\"><strong>Fa\u00e7a a sua escolha!<\/strong><\/p>\n<p style=\"text-align: justify;\">Todas as escolhas executadas antes de entrar neste ou naquele curso, est\u00e3o sempre de acordo com o jeito de ser e estar da (o) interessada (o), considerando que se trata do futuro profissional depois da forma\u00e7\u00e3o acad\u00eamica.<\/p>\n<p style=\"text-align: justify;\">Por\u00e9m, neste caso em especial, <strong>N\u00e1dia Cristina Cardoni<\/strong>, Fisioterapeuta e ex- aluna do curso, afirma: \u201cEscolher o curso de fisioterapia da UNIFAI foi um grande diferencial na minha carreira profissional, pois toda a estrutura f\u00edsica proporcionada pela faculdade, grade curricular, profissionalismo e compet\u00eancia dos docentes fizeram com que eu me tornasse uma profissional mais bem preparada com uma vis\u00e3o cr\u00edtica-reflexiva e human\u00edstica para atuar em todos os n\u00edveis de aten\u00e7\u00e3o \u00e0 sa\u00fade.\u201d<\/p>\n<p style=\"text-align: justify;\">Neste cen\u00e1rio envolvendo a escolha mais acertada quanto ao Curso de Fisioterapia, deve-se considerar que a forma\u00e7\u00e3o envolvendo todos os aspectos relacionados com os cuidados do (a) paciente, est\u00e1 em sintonia com a forma\u00e7\u00e3o te\u00f3rica em sala de aula e as atividades de est\u00e1gio na Fisiocl\u00ednica da UniFAI.<\/p>\n<p style=\"text-align: justify;\"><strong>Hist\u00f3ria de sucessos<\/strong><\/p>\n<p style=\"text-align: justify;\">O ano de 2.000 marca o in\u00edcio do curso de Fisioterapia na institui\u00e7\u00e3o, tendo a primeira turma diplomada em 2.003, ainda, com a Fisiocl\u00ednica sendo inaugurada em 2.002 para oferecer atividades relacionadas com o est\u00e1gio das (os) acad\u00eamicas (os) e atendimento para a comunidade em n\u00edvel regional.<\/p>\n<p style=\"text-align: justify;\">Neste ano, 2.021, a UniFAI estar\u00e1 diplomando a 18\u00ba. Turma do Curso de Fisioterapia para o mercado em tempo de Pandemia, portanto, deve-se registrar que os objetivos est\u00e3o sendo cumpridos pelos docentes, discentes e funcion\u00e1rios com apoio da Reitoria e equipe.<\/p>\n<p style=\"text-align: justify;\">O resultado se faz na caminhada em busca da supera\u00e7\u00e3o dos desafios que est\u00e3o em todas as \u00e1reas, entretanto, na Fisioterapia existe o compromisso com a disciplina e o compromisso com o (a) paciente desde a sala de aula com as teorias que s\u00e3o traduzidas nas pr\u00e1ticas desenvolvidas no est\u00e1gio realizado com compet\u00eancia e qualidade pela Fisiocl\u00ednica.<\/p>\n<p style=\"text-align: justify;\">Se voc\u00ea tem interesse em fazer parte desta Hist\u00f3ria de sucesso e compromisso com a sa\u00fade do pr\u00f3ximo, venha para cursar Fisioterapia na UniFAI.<\/p>\n<p style=\"text-align: justify;\">Informa\u00e7\u00f5es: <a href=\"http:\/\/www.unifai.com.br\/vestibular\">www.unifai.com.br\/vestibular<\/a><\/p>\n<p style=\"text-align: justify;\">Foto: Profa. Ma. Leandra Navarro Benatti, coordenadora do curso de Fisioterapia da UNIFAI. &#8211; Arquivo Pessoal<\/p>\n<p style=\"text-align: justify;\">\n","protected":false},"excerpt":{"rendered":"<p>S\u00e9rgio Barbosa \/ UniFAI N\u00e3o tem como deixar de lado que existem Cursos diferenciados em todas as \u00e1reas do conhecimento em n\u00edvel de gradua\u00e7\u00e3o, todavia, deve-se registrar que este ou aquele Curso pode e deve fazer a diferen\u00e7a no Mercado. Tamb\u00e9m, a Pandemia desde o in\u00edcio, refor\u00e7ou para a sociedade, que os cursos que oferecem [&hellip;]<\/p>\n","protected":false},"author":1,"featured_media":57176,"comment_status":"closed","ping_status":"open","sticky":false,"template":"","format":"standard","meta":{"footnotes":""},"categories":[122],"tags":[],"class_list":["post-57175","post","type-post","status-publish","format-standard","has-post-thumbnail","hentry","category-saudeeducacaoeconcurso"],"_links":{"self":[{"href":"https:\/\/jorgezanoni.com.br\/2019\/wp-json\/wp\/v2\/posts\/57175","targetHints":{"allow":["GET"]}}],"collection":[{"href":"https:\/\/jorgezanoni.com.br\/2019\/wp-json\/wp\/v2\/posts"}],"about":[{"href":"https:\/\/jorgezanoni.com.br\/2019\/wp-json\/wp\/v2\/types\/post"}],"author":[{"embeddable":true,"href":"https:\/\/jorgezanoni.com.br\/2019\/wp-json\/wp\/v2\/users\/1"}],"replies":[{"embeddable":true,"href":"https:\/\/jorgezanoni.com.br\/2019\/wp-json\/wp\/v2\/comments?post=57175"}],"version-history":[{"count":0,"href":"https:\/\/jorgezanoni.com.br\/2019\/wp-json\/wp\/v2\/posts\/57175\/revisions"}],"wp:featuredmedia":[{"embeddable":true,"href":"https:\/\/jorgezanoni.com.br\/2019\/wp-json\/wp\/v2\/media\/57176"}],"wp:attachment":[{"href":"https:\/\/jorgezanoni.com.br\/2019\/wp-json\/wp\/v2\/media?parent=57175"}],"wp:term":[{"taxonomy":"category","embeddable":true,"href":"https:\/\/jorgezanoni.com.br\/2019\/wp-json\/wp\/v2\/categories?post=57175"},{"taxonomy":"post_tag","embeddable":true,"href":"https:\/\/jorgezanoni.com.br\/2019\/wp-json\/wp\/v2\/tags?post=57175"}],"curies":[{"name":"wp","href":"https:\/\/api.w.org\/{rel}","templated":true}]}}