{"id":57120,"date":"2021-12-02T22:55:23","date_gmt":"2021-12-02T22:55:23","guid":{"rendered":"https:\/\/jorgezanoni.com.br\/2019\/?p=57120"},"modified":"2021-12-02T22:55:23","modified_gmt":"2021-12-02T22:55:23","slug":"ecap-da-unifadra-dracena-reuniu-cerca-de-550-pessoas","status":"publish","type":"post","link":"https:\/\/jorgezanoni.com.br\/2019\/ecap-da-unifadra-dracena-reuniu-cerca-de-550-pessoas\/","title":{"rendered":"ECAP da Unifadra Dracena reuniu cerca de 550 pessoas"},"content":{"rendered":"<p style=\"text-align: justify;\"><span style=\"font-size: large;\">Em uma semana de atividades, o 12\u00ba Encontro Cient\u00edfico da Alta Paulista (ECAP), desenvolvido por uma comiss\u00e3o organizadora, pelos departamentos de Ensino, Pesquisa e Extens\u00e3o e cursos de gradua\u00e7\u00e3o da Unifadra Dracena, reuniu cerca de 550 pessoas, com 73 apresenta\u00e7\u00f5es de trabalhos cient\u00edficos.<\/span><\/p>\n<p><span style=\"font-size: large;\">Os dias 8 e 9 de novembro concentraram o maior n\u00famero de palestras &#8211; que se estenderam at\u00e9 o \u00faltimo dia do evento &#8211; e contaram com profissionais que abordaram quest\u00f5es sobre direitos humanos, igualdade social, inclus\u00e3o, sa\u00fade, humaniza\u00e7\u00e3o, tecnologia, educa\u00e7\u00e3o e ci\u00eancia. As apresenta\u00e7\u00f5es foram on-line e a maioria delas continua dispon\u00edvel no canal oficial da Fundec, mantenedora da Unifadra (veja em:\u00a0<a href=\"https:\/\/youtube.com\/fundecedu\/playlists\" target=\"_blank\" rel=\"noopener noreferrer\">https:\/\/youtube.com\/fundecedu\/playlists<\/a>).<\/span><\/p>\n<p><span style=\"font-size: large;\">Nos dias 10 a 12 de novembro, os 73 trabalhos cient\u00edficos foram distribu\u00eddos para apresenta\u00e7\u00e3o de acordo com suas \u00e1reas gerais (An\u00e1lise e Desenvolvimento de Sistemas, Educa\u00e7\u00e3o F\u00edsica, Enfermagem, Medicina, Pedagogia e Psicologia). Os organizadores ainda ressaltam que, al\u00e9m de estudantes, houve a participa\u00e7\u00e3o tamb\u00e9m de profissionais da comunidade de Dracena e regi\u00e3o.<\/span><\/p>\n<p><span style=\"font-size: large;\">O diretor acad\u00eamico da Unifadra Enio Garbelini parabenizou os organizadores do ECAP pela realiza\u00e7\u00e3o do evento e ressaltou que &#8220;tivemos um elevado n\u00famero de inscritos e \u00a0uma boa submiss\u00e3o de trabalhos. Pela primeira vez, estamos disponibilizando os conte\u00fados das palestras para que mais pessoas possam acess\u00e1-los. Al\u00e9m disso, despertamos o interesse de um p\u00fablico jovem pelo evento. Acreditamos que os objetivos deste encontro cient\u00edfico foram amplamente cumpridos&#8221;, finaliza.<\/span><\/p>\n<p><span style=\"font-size: large;\">Os departamentos de ensino, pesquisa e extens\u00e3o est\u00e3o trabalhando na certifica\u00e7\u00e3o dos participantes, que poder\u00e3o acessar seus certificados em breve no site:\u00a0<a href=\"https:\/\/fundec.edu.br\/unifadra\/ecap\" target=\"_blank\" rel=\"noopener noreferrer\">https:\/\/fundec.edu.br\/unifadra\/ecap<\/a><\/span><\/p>\n<p>Fonte: Depto. de Comunica\u00e7\u00e3o da Fundec<\/p>\n","protected":false},"excerpt":{"rendered":"<p>Em uma semana de atividades, o 12\u00ba Encontro Cient\u00edfico da Alta Paulista (ECAP), desenvolvido por uma comiss\u00e3o organizadora, pelos departamentos de Ensino, Pesquisa e Extens\u00e3o e cursos de gradua\u00e7\u00e3o da Unifadra Dracena, reuniu cerca de 550 pessoas, com 73 apresenta\u00e7\u00f5es de trabalhos cient\u00edficos. Os dias 8 e 9 de novembro concentraram o maior n\u00famero de [&hellip;]<\/p>\n","protected":false},"author":1,"featured_media":57121,"comment_status":"closed","ping_status":"open","sticky":false,"template":"","format":"standard","meta":{"footnotes":""},"categories":[110,122],"tags":[],"class_list":["post-57120","post","type-post","status-publish","format-standard","has-post-thumbnail","hentry","category-noticiasdestaque","category-saudeeducacaoeconcurso"],"_links":{"self":[{"href":"https:\/\/jorgezanoni.com.br\/2019\/wp-json\/wp\/v2\/posts\/57120","targetHints":{"allow":["GET"]}}],"collection":[{"href":"https:\/\/jorgezanoni.com.br\/2019\/wp-json\/wp\/v2\/posts"}],"about":[{"href":"https:\/\/jorgezanoni.com.br\/2019\/wp-json\/wp\/v2\/types\/post"}],"author":[{"embeddable":true,"href":"https:\/\/jorgezanoni.com.br\/2019\/wp-json\/wp\/v2\/users\/1"}],"replies":[{"embeddable":true,"href":"https:\/\/jorgezanoni.com.br\/2019\/wp-json\/wp\/v2\/comments?post=57120"}],"version-history":[{"count":0,"href":"https:\/\/jorgezanoni.com.br\/2019\/wp-json\/wp\/v2\/posts\/57120\/revisions"}],"wp:featuredmedia":[{"embeddable":true,"href":"https:\/\/jorgezanoni.com.br\/2019\/wp-json\/wp\/v2\/media\/57121"}],"wp:attachment":[{"href":"https:\/\/jorgezanoni.com.br\/2019\/wp-json\/wp\/v2\/media?parent=57120"}],"wp:term":[{"taxonomy":"category","embeddable":true,"href":"https:\/\/jorgezanoni.com.br\/2019\/wp-json\/wp\/v2\/categories?post=57120"},{"taxonomy":"post_tag","embeddable":true,"href":"https:\/\/jorgezanoni.com.br\/2019\/wp-json\/wp\/v2\/tags?post=57120"}],"curies":[{"name":"wp","href":"https:\/\/api.w.org\/{rel}","templated":true}]}}