{"id":57094,"date":"2021-12-02T17:04:44","date_gmt":"2021-12-02T17:04:44","guid":{"rendered":"https:\/\/jorgezanoni.com.br\/2019\/?p=57094"},"modified":"2021-12-02T17:55:03","modified_gmt":"2021-12-02T17:55:03","slug":"morre-o-conhecido-empresario-paulo-sampaio","status":"publish","type":"post","link":"https:\/\/jorgezanoni.com.br\/2019\/morre-o-conhecido-empresario-paulo-sampaio\/","title":{"rendered":"Morre o conhecido empres\u00e1rio Paulo Sampaio"},"content":{"rendered":"<p style=\"text-align: justify;\">Comunicamos com pesar o falecimento do empres\u00e1rio Paulo Roberto Sampaio de 70 anos. Ele passou por uma Cirurgia e teve paradas card\u00edacas, n\u00e3o resistindo, vindo a \u00f3bito.<\/p>\n<p style=\"text-align: justify;\">Deixa a esposa Professora Maria Mirtes de Mendon\u00e7a Sampaio, os filhos Paulo Roberto advogado, Edgar comerciante do ramo de Autom\u00f3veis e Amanda professora de L\u00ednguas, noras, genro, netos e demais familiares.<\/p>\n<p style=\"text-align: justify;\">Foi funcion\u00e1rio do Banco do Brasil e por muitos anos propriet\u00e1rio da Kit Box de Dracena.<\/p>\n<p style=\"text-align: justify;\">Era membro ativo da Loja Ma\u00e7\u00f4nica Uni\u00e3o, Justi\u00e7a e Amor tendo sido Presidente.<\/p>\n<p style=\"text-align: justify;\">Foi tamb\u00e9m Presidente da APAE de Dracena e por muitos anos jogou no Cobra F.C.<\/p>\n<p style=\"text-align: justify;\">Era apaixonado por m\u00fasica com seu viol\u00e3o e Motos tendo inclusive Triciclo, fazia parte do Moto Clube Terrazul.<\/p>\n<p style=\"text-align: justify;\">O seu Corpo ser\u00e1 Velado no Memorial Vida Prev das 19 \u00e0s 22 Hs. de hoje (2) e amanh\u00e3 das 07 \u00e0s 10 Hs. quando acontecer\u00e1 o Sepultamento no Cemit\u00e9rio Municipal de Dracena.<\/p>\n<p style=\"text-align: justify;\">O Site JZ se solidariza com toda a fam\u00edlia e grande legi\u00e3o de amigos. Paulo foi uma daquelas pessoa que eu posso dizer de peito aberto que era meu amigo de verdade.<\/p>\n<p style=\"text-align: justify;\"><img loading=\"lazy\" decoding=\"async\" class=\"alignnone size-full wp-image-57098\" src=\"https:\/\/jorgezanoni.com.br\/2019\/wp-content\/uploads\/2021\/12\/Paulo.jpg\" alt=\"\" width=\"800\" height=\"697\" srcset=\"https:\/\/jorgezanoni.com.br\/2019\/wp-content\/uploads\/2021\/12\/Paulo.jpg 800w, https:\/\/jorgezanoni.com.br\/2019\/wp-content\/uploads\/2021\/12\/Paulo-300x261.jpg 300w, https:\/\/jorgezanoni.com.br\/2019\/wp-content\/uploads\/2021\/12\/Paulo-768x669.jpg 768w, https:\/\/jorgezanoni.com.br\/2019\/wp-content\/uploads\/2021\/12\/Paulo-696x606.jpg 696w, https:\/\/jorgezanoni.com.br\/2019\/wp-content\/uploads\/2021\/12\/Paulo-482x420.jpg 482w\" sizes=\"auto, (max-width: 800px) 100vw, 800px\" \/>No \u00faltimo dia 12 de novembro tive o prazer de desfrutar de um bom bate papo junto com o Paulo, seu filho e sua nora na APAE quando acontecia a Segunda Mostra Pedag\u00f3gica dos Alunos, onde Paulo pai foi e Paulo filho \u00e9 o atual presidente. Na fala do filho, o pai ficou bastante emocionado. Fica ai nosso registro da sua \u00faltima lembran\u00e7a em vida meu grande amigo e irm\u00e3o.<\/p>\n<p style=\"text-align: justify;\">Jorge Zanoni<\/p>\n","protected":false},"excerpt":{"rendered":"<p>Comunicamos com pesar o falecimento do empres\u00e1rio Paulo Roberto Sampaio de 70 anos. Ele passou por uma Cirurgia e teve paradas card\u00edacas, n\u00e3o resistindo, vindo a \u00f3bito. Deixa a esposa Professora Maria Mirtes de Mendon\u00e7a Sampaio, os filhos Paulo Roberto advogado, Edgar comerciante do ramo de Autom\u00f3veis e Amanda professora de L\u00ednguas, noras, genro, netos [&hellip;]<\/p>\n","protected":false},"author":1,"featured_media":57095,"comment_status":"closed","ping_status":"open","sticky":false,"template":"","format":"standard","meta":{"footnotes":""},"categories":[178,110],"tags":[],"class_list":["post-57094","post","type-post","status-publish","format-standard","has-post-thumbnail","hentry","category-notadefalecimento","category-noticiasdestaque"],"_links":{"self":[{"href":"https:\/\/jorgezanoni.com.br\/2019\/wp-json\/wp\/v2\/posts\/57094","targetHints":{"allow":["GET"]}}],"collection":[{"href":"https:\/\/jorgezanoni.com.br\/2019\/wp-json\/wp\/v2\/posts"}],"about":[{"href":"https:\/\/jorgezanoni.com.br\/2019\/wp-json\/wp\/v2\/types\/post"}],"author":[{"embeddable":true,"href":"https:\/\/jorgezanoni.com.br\/2019\/wp-json\/wp\/v2\/users\/1"}],"replies":[{"embeddable":true,"href":"https:\/\/jorgezanoni.com.br\/2019\/wp-json\/wp\/v2\/comments?post=57094"}],"version-history":[{"count":0,"href":"https:\/\/jorgezanoni.com.br\/2019\/wp-json\/wp\/v2\/posts\/57094\/revisions"}],"wp:featuredmedia":[{"embeddable":true,"href":"https:\/\/jorgezanoni.com.br\/2019\/wp-json\/wp\/v2\/media\/57095"}],"wp:attachment":[{"href":"https:\/\/jorgezanoni.com.br\/2019\/wp-json\/wp\/v2\/media?parent=57094"}],"wp:term":[{"taxonomy":"category","embeddable":true,"href":"https:\/\/jorgezanoni.com.br\/2019\/wp-json\/wp\/v2\/categories?post=57094"},{"taxonomy":"post_tag","embeddable":true,"href":"https:\/\/jorgezanoni.com.br\/2019\/wp-json\/wp\/v2\/tags?post=57094"}],"curies":[{"name":"wp","href":"https:\/\/api.w.org\/{rel}","templated":true}]}}