{"id":57072,"date":"2021-12-01T21:38:50","date_gmt":"2021-12-01T21:38:50","guid":{"rendered":"https:\/\/jorgezanoni.com.br\/2019\/?p=57072"},"modified":"2021-12-01T21:38:50","modified_gmt":"2021-12-01T21:38:50","slug":"policia-militar-em-dracena-prende-homem-por-trafico-de-drogas","status":"publish","type":"post","link":"https:\/\/jorgezanoni.com.br\/2019\/policia-militar-em-dracena-prende-homem-por-trafico-de-drogas\/","title":{"rendered":"Pol\u00edcia Militar em Dracena prende homem por Tr\u00e1fico de Drogas"},"content":{"rendered":"<p style=\"text-align: justify;\">Na data de ontem (30) por volta das 17h durante patrulhamento pelo munic\u00edpio de Dracena a equipe da Pol\u00edcia Militar foi informada que um indiv\u00edduo (21 anos), moreno, magro, trajando camiseta cinza, morador da cidade de Monte Castelo havia comprado certa quantidade de crack em um bairro em Dracena para comercializa\u00e7\u00e3o no munic\u00edpio de Monte Castelo, e o mesmo estaria se deslocando de volta para o munic\u00edpio na ambul\u00e2ncia de um munic\u00edpio de uma cidade vizinha.<br \/>\nFoi realizado a abordagem a ambul\u00e2ncia e durante a busca pessoal foi localizado com o indiciado 0,011 kg crack fracionados em uma embalagem escondido em sua roupa \u00edntima, vindo ele a informar ser dependente qu\u00edmico de maconha e comprou crack para uso tendo pago R$ 300 reais.<br \/>\nO indiciado n\u00e3o soube informar de quem comprou nem mesmo o nome da rua, sendo a autuado em flagrante por tr\u00e1fico de drogas, permanecendo preso.<\/p>\n<p style=\"text-align: justify;\">Fonte: Com. Social Pol\u00edcia Militar<\/p>\n","protected":false},"excerpt":{"rendered":"<p>Na data de ontem (30) por volta das 17h durante patrulhamento pelo munic\u00edpio de Dracena a equipe da Pol\u00edcia Militar foi informada que um indiv\u00edduo (21 anos), moreno, magro, trajando camiseta cinza, morador da cidade de Monte Castelo havia comprado certa quantidade de crack em um bairro em Dracena para comercializa\u00e7\u00e3o no munic\u00edpio de Monte [&hellip;]<\/p>\n","protected":false},"author":1,"featured_media":57073,"comment_status":"closed","ping_status":"open","sticky":false,"template":"","format":"standard","meta":{"footnotes":""},"categories":[110,2],"tags":[],"class_list":["post-57072","post","type-post","status-publish","format-standard","has-post-thumbnail","hentry","category-noticiasdestaque","category-policial"],"_links":{"self":[{"href":"https:\/\/jorgezanoni.com.br\/2019\/wp-json\/wp\/v2\/posts\/57072","targetHints":{"allow":["GET"]}}],"collection":[{"href":"https:\/\/jorgezanoni.com.br\/2019\/wp-json\/wp\/v2\/posts"}],"about":[{"href":"https:\/\/jorgezanoni.com.br\/2019\/wp-json\/wp\/v2\/types\/post"}],"author":[{"embeddable":true,"href":"https:\/\/jorgezanoni.com.br\/2019\/wp-json\/wp\/v2\/users\/1"}],"replies":[{"embeddable":true,"href":"https:\/\/jorgezanoni.com.br\/2019\/wp-json\/wp\/v2\/comments?post=57072"}],"version-history":[{"count":0,"href":"https:\/\/jorgezanoni.com.br\/2019\/wp-json\/wp\/v2\/posts\/57072\/revisions"}],"wp:featuredmedia":[{"embeddable":true,"href":"https:\/\/jorgezanoni.com.br\/2019\/wp-json\/wp\/v2\/media\/57073"}],"wp:attachment":[{"href":"https:\/\/jorgezanoni.com.br\/2019\/wp-json\/wp\/v2\/media?parent=57072"}],"wp:term":[{"taxonomy":"category","embeddable":true,"href":"https:\/\/jorgezanoni.com.br\/2019\/wp-json\/wp\/v2\/categories?post=57072"},{"taxonomy":"post_tag","embeddable":true,"href":"https:\/\/jorgezanoni.com.br\/2019\/wp-json\/wp\/v2\/tags?post=57072"}],"curies":[{"name":"wp","href":"https:\/\/api.w.org\/{rel}","templated":true}]}}