{"id":57029,"date":"2021-11-30T20:57:45","date_gmt":"2021-11-30T20:57:45","guid":{"rendered":"https:\/\/jorgezanoni.com.br\/2019\/?p=57029"},"modified":"2021-11-30T20:58:47","modified_gmt":"2021-11-30T20:58:47","slug":"policia-civil-e-centro-de-treinamento-do-senai-promovemalestra-sobre-prevencao-as-drogas-para-alunos-em-dracena","status":"publish","type":"post","link":"https:\/\/jorgezanoni.com.br\/2019\/policia-civil-e-centro-de-treinamento-do-senai-promovemalestra-sobre-prevencao-as-drogas-para-alunos-em-dracena\/","title":{"rendered":"Pol\u00edcia Civil e Centro de Treinamento do Senai promovem Palestra sobre preven\u00e7\u00e3o \u00e0s drogas para alunos em Dracena"},"content":{"rendered":"<p style=\"text-align: justify;\"><strong>Participaram do evento os alunos aprendizes das turmas dos cursos de Mec\u00e2nico de Usinagem e M\u00e1quinas convencionais e de Mec\u00e2nico de Manuten\u00e7\u00e3o de M\u00e1quinas Agr\u00edcolas e Ve\u00edculos Pesados.<\/strong><\/p>\n<p style=\"text-align: justify;\">A Pol\u00edcia Civil, por interm\u00e9dio do Setor de Comunica\u00e7\u00e3o Social da Delegacia Seccional de Pol\u00edcia de Dracena, em parceria com o Centro de Treinamento do Senai de Dracena, promoveu nesta ter\u00e7a-feira (30), uma palestra para conscientizar os alunos aprendizes dos cursos de Mec\u00e2nico de Usinagem e M\u00e1quinas convencionais e de Mec\u00e2nico de Manuten\u00e7\u00e3o de M\u00e1quinas Agr\u00edcolas e Ve\u00edculos Pesados, sobre preven\u00e7\u00e3o ao uso nocivo de drogas. Cerca de mais de 30 jovens de 15 a 22 anos participaram do evento, que foi realizado no audit\u00f3rio do Centro de Treinamento \u201cMoacir Shoiti Kanezawa\u201d.<\/p>\n<p style=\"text-align: justify;\">O tema foi apresentado pelo agente policial Reginaldo Rosa, que repassou informa\u00e7\u00f5es sobre tipos de drogas, uso nocivo de drogas e suas consequ\u00eancias. O agente refor\u00e7ou ainda a import\u00e2ncia de ter uma vida saud\u00e1vel, e alertou que tudo na vida \u00e9 uma quest\u00e3o de escolha.<\/p>\n<p style=\"text-align: justify;\">O diretor do Desenvolvimento Econ\u00f4mico do munic\u00edpio e respons\u00e1vel pelo Centro de Treinamento do Senai, Nestor Tobias, agradeceu a parceira com a Pol\u00edcia Civil, e enfatizou a import\u00e2ncia do encontro com os jovens aprendizes.<\/p>\n<p><img loading=\"lazy\" decoding=\"async\" class=\"alignnone size-full wp-image-57031\" src=\"https:\/\/jorgezanoni.com.br\/2019\/wp-content\/uploads\/2021\/11\/ci1-4.jpg\" alt=\"\" width=\"1280\" height=\"960\" srcset=\"https:\/\/jorgezanoni.com.br\/2019\/wp-content\/uploads\/2021\/11\/ci1-4.jpg 1280w, https:\/\/jorgezanoni.com.br\/2019\/wp-content\/uploads\/2021\/11\/ci1-4-300x225.jpg 300w, https:\/\/jorgezanoni.com.br\/2019\/wp-content\/uploads\/2021\/11\/ci1-4-1024x768.jpg 1024w, https:\/\/jorgezanoni.com.br\/2019\/wp-content\/uploads\/2021\/11\/ci1-4-768x576.jpg 768w, https:\/\/jorgezanoni.com.br\/2019\/wp-content\/uploads\/2021\/11\/ci1-4-80x60.jpg 80w, https:\/\/jorgezanoni.com.br\/2019\/wp-content\/uploads\/2021\/11\/ci1-4-265x198.jpg 265w, https:\/\/jorgezanoni.com.br\/2019\/wp-content\/uploads\/2021\/11\/ci1-4-696x522.jpg 696w, https:\/\/jorgezanoni.com.br\/2019\/wp-content\/uploads\/2021\/11\/ci1-4-1068x801.jpg 1068w, https:\/\/jorgezanoni.com.br\/2019\/wp-content\/uploads\/2021\/11\/ci1-4-560x420.jpg 560w\" sizes=\"auto, (max-width: 1280px) 100vw, 1280px\" \/> <img loading=\"lazy\" decoding=\"async\" class=\"alignnone size-full wp-image-57032\" src=\"https:\/\/jorgezanoni.com.br\/2019\/wp-content\/uploads\/2021\/11\/ci2-2.jpg\" alt=\"\" width=\"1280\" height=\"960\" srcset=\"https:\/\/jorgezanoni.com.br\/2019\/wp-content\/uploads\/2021\/11\/ci2-2.jpg 1280w, https:\/\/jorgezanoni.com.br\/2019\/wp-content\/uploads\/2021\/11\/ci2-2-300x225.jpg 300w, https:\/\/jorgezanoni.com.br\/2019\/wp-content\/uploads\/2021\/11\/ci2-2-1024x768.jpg 1024w, https:\/\/jorgezanoni.com.br\/2019\/wp-content\/uploads\/2021\/11\/ci2-2-768x576.jpg 768w, https:\/\/jorgezanoni.com.br\/2019\/wp-content\/uploads\/2021\/11\/ci2-2-80x60.jpg 80w, https:\/\/jorgezanoni.com.br\/2019\/wp-content\/uploads\/2021\/11\/ci2-2-265x198.jpg 265w, https:\/\/jorgezanoni.com.br\/2019\/wp-content\/uploads\/2021\/11\/ci2-2-696x522.jpg 696w, https:\/\/jorgezanoni.com.br\/2019\/wp-content\/uploads\/2021\/11\/ci2-2-1068x801.jpg 1068w, https:\/\/jorgezanoni.com.br\/2019\/wp-content\/uploads\/2021\/11\/ci2-2-560x420.jpg 560w\" sizes=\"auto, (max-width: 1280px) 100vw, 1280px\" \/> <img loading=\"lazy\" decoding=\"async\" class=\"alignnone size-full wp-image-57033\" src=\"https:\/\/jorgezanoni.com.br\/2019\/wp-content\/uploads\/2021\/11\/ci3-1.jpg\" alt=\"\" width=\"1280\" height=\"960\" srcset=\"https:\/\/jorgezanoni.com.br\/2019\/wp-content\/uploads\/2021\/11\/ci3-1.jpg 1280w, https:\/\/jorgezanoni.com.br\/2019\/wp-content\/uploads\/2021\/11\/ci3-1-300x225.jpg 300w, https:\/\/jorgezanoni.com.br\/2019\/wp-content\/uploads\/2021\/11\/ci3-1-1024x768.jpg 1024w, https:\/\/jorgezanoni.com.br\/2019\/wp-content\/uploads\/2021\/11\/ci3-1-768x576.jpg 768w, https:\/\/jorgezanoni.com.br\/2019\/wp-content\/uploads\/2021\/11\/ci3-1-80x60.jpg 80w, https:\/\/jorgezanoni.com.br\/2019\/wp-content\/uploads\/2021\/11\/ci3-1-265x198.jpg 265w, https:\/\/jorgezanoni.com.br\/2019\/wp-content\/uploads\/2021\/11\/ci3-1-696x522.jpg 696w, https:\/\/jorgezanoni.com.br\/2019\/wp-content\/uploads\/2021\/11\/ci3-1-1068x801.jpg 1068w, https:\/\/jorgezanoni.com.br\/2019\/wp-content\/uploads\/2021\/11\/ci3-1-560x420.jpg 560w\" sizes=\"auto, (max-width: 1280px) 100vw, 1280px\" \/><\/p>\n<p style=\"text-align: justify;\">Fonte: Com. Social Pol\u00edcia Civil<\/p>\n","protected":false},"excerpt":{"rendered":"<p>Participaram do evento os alunos aprendizes das turmas dos cursos de Mec\u00e2nico de Usinagem e M\u00e1quinas convencionais e de Mec\u00e2nico de Manuten\u00e7\u00e3o de M\u00e1quinas Agr\u00edcolas e Ve\u00edculos Pesados. A Pol\u00edcia Civil, por interm\u00e9dio do Setor de Comunica\u00e7\u00e3o Social da Delegacia Seccional de Pol\u00edcia de Dracena, em parceria com o Centro de Treinamento do Senai de [&hellip;]<\/p>\n","protected":false},"author":1,"featured_media":57030,"comment_status":"closed","ping_status":"open","sticky":false,"template":"","format":"standard","meta":{"footnotes":""},"categories":[110,2],"tags":[],"class_list":["post-57029","post","type-post","status-publish","format-standard","has-post-thumbnail","hentry","category-noticiasdestaque","category-policial"],"_links":{"self":[{"href":"https:\/\/jorgezanoni.com.br\/2019\/wp-json\/wp\/v2\/posts\/57029","targetHints":{"allow":["GET"]}}],"collection":[{"href":"https:\/\/jorgezanoni.com.br\/2019\/wp-json\/wp\/v2\/posts"}],"about":[{"href":"https:\/\/jorgezanoni.com.br\/2019\/wp-json\/wp\/v2\/types\/post"}],"author":[{"embeddable":true,"href":"https:\/\/jorgezanoni.com.br\/2019\/wp-json\/wp\/v2\/users\/1"}],"replies":[{"embeddable":true,"href":"https:\/\/jorgezanoni.com.br\/2019\/wp-json\/wp\/v2\/comments?post=57029"}],"version-history":[{"count":0,"href":"https:\/\/jorgezanoni.com.br\/2019\/wp-json\/wp\/v2\/posts\/57029\/revisions"}],"wp:featuredmedia":[{"embeddable":true,"href":"https:\/\/jorgezanoni.com.br\/2019\/wp-json\/wp\/v2\/media\/57030"}],"wp:attachment":[{"href":"https:\/\/jorgezanoni.com.br\/2019\/wp-json\/wp\/v2\/media?parent=57029"}],"wp:term":[{"taxonomy":"category","embeddable":true,"href":"https:\/\/jorgezanoni.com.br\/2019\/wp-json\/wp\/v2\/categories?post=57029"},{"taxonomy":"post_tag","embeddable":true,"href":"https:\/\/jorgezanoni.com.br\/2019\/wp-json\/wp\/v2\/tags?post=57029"}],"curies":[{"name":"wp","href":"https:\/\/api.w.org\/{rel}","templated":true}]}}