{"id":56995,"date":"2021-11-29T22:05:30","date_gmt":"2021-11-29T22:05:30","guid":{"rendered":"https:\/\/jorgezanoni.com.br\/2019\/?p=56995"},"modified":"2021-11-29T22:31:22","modified_gmt":"2021-11-29T22:31:22","slug":"dois-alunos-da-rede-municipal-de-ensino-de-dracena-testam-positivo-para-covid-19","status":"publish","type":"post","link":"https:\/\/jorgezanoni.com.br\/2019\/dois-alunos-da-rede-municipal-de-ensino-de-dracena-testam-positivo-para-covid-19\/","title":{"rendered":"Dois Alunos da Rede Municipal de Ensino de Dracena testam Positivo para COVID-19"},"content":{"rendered":"<div class=\"ntc_resumo_noticia sw_lato_bold\" style=\"text-align: justify;\"><strong>Crian\u00e7as que tiveram contato com os dois estudantes ser\u00e3o monitoradas a partir de amanh\u00e3 pelo CEMAC: nesta ter\u00e7a-feira, a Ott\u00edlia estar\u00e1 fechada.<\/strong><\/div>\n<div><\/div>\n<div class=\"ntc_descricao_noticia\" style=\"text-align: justify;\">\n<div class=\"ntc_cont_descricao_noticia sw_txteditor\">\n<div>A Secretaria de Educa\u00e7\u00e3o de Dracena informa que no final da tarde de hoje, 29\/11, foram confirmados dois casos positivos de covid 19, em alunos da rede municipal de ensino. Eles estudam na Emefi Ott\u00edlia Braz Noguerol.<br \/>\nA escola n\u00e3o funcionar\u00e1 amanh\u00e3, estar\u00e1 fechada para passar por sanitiza\u00e7\u00e3o.<br \/>\nA secret\u00e1ria de Educa\u00e7\u00e3o Juliana Correa explica que todos os protocolos sanit\u00e1rios est\u00e3o sendo adotados e orienta aos pais de alunos que t\u00eam filhos na Ott\u00edlia que em caso de suspeita para a covid, como sintomas gripais, que procurem pelo Centro de Atendimento Municipal \u00e0 Covid (CEMAC).<br \/>\nA secret\u00e1ria de Sa\u00fade Cl\u00e1udia Luginick explicou que o CEMAC j\u00e1 recebeu a lista de todas as crian\u00e7as que tiveram contato com as duas positivadas e, a partir de amanh\u00e3, 30\/11, inicia-se o monitoramento das mesmas, a fim de verificar o estado de sa\u00fade.<\/div>\n<div><\/div>\n<\/div>\n<\/div>\n<div style=\"text-align: justify;\"><strong>BOLETIM COVID<\/strong><br \/>\nO boletim covid emitido pela Vigil\u00e2ncia Epidemiol\u00f3gica \u00e0s 16h16 de hoje,\u00a0informa que de sexta para esta segunda n\u00e3o houve nenhuma confirma\u00e7\u00e3o da doen\u00e7a na cidade, porque a VE recebeu a informa\u00e7\u00e3o dos dois casos da escola, pelo CEMAC, ap\u00f3s o hor\u00e1rio citado. No boletim desta ter\u00e7a-feira, 30, os dois casos ser\u00e3o contabilizados no informativo, conforme explica a secret\u00e1ria Cl\u00e1udia. Ela ainda pontuou que a VE encerra o expediente \u00e0s 17h e o CEMAC \u00e0s 19h.<br \/>\n\u201cQualquer pai que tiver alguma d\u00favida sobre a situa\u00e7\u00e3o estamos \u00e0 disposi\u00e7\u00e3o para informa\u00e7\u00f5es na Secretaria de Sa\u00fade\u201d, pontuou a secret\u00e1ria.<\/div>\n<div style=\"text-align: justify;\"><\/div>\n<div style=\"text-align: justify;\">Fonte: Diretoria de Comunica\u00e7\u00e3o<\/div>\n<div>Comp. Jorge Zanoni<\/div>\n","protected":false},"excerpt":{"rendered":"<p>Crian\u00e7as que tiveram contato com os dois estudantes ser\u00e3o monitoradas a partir de amanh\u00e3 pelo CEMAC: nesta ter\u00e7a-feira, a Ott\u00edlia estar\u00e1 fechada. A Secretaria de Educa\u00e7\u00e3o de Dracena informa que no final da tarde de hoje, 29\/11, foram confirmados dois casos positivos de covid 19, em alunos da rede municipal de ensino. Eles estudam na [&hellip;]<\/p>\n","protected":false},"author":1,"featured_media":56996,"comment_status":"closed","ping_status":"open","sticky":false,"template":"","format":"standard","meta":{"footnotes":""},"categories":[110,122],"tags":[],"class_list":["post-56995","post","type-post","status-publish","format-standard","has-post-thumbnail","hentry","category-noticiasdestaque","category-saudeeducacaoeconcurso"],"_links":{"self":[{"href":"https:\/\/jorgezanoni.com.br\/2019\/wp-json\/wp\/v2\/posts\/56995","targetHints":{"allow":["GET"]}}],"collection":[{"href":"https:\/\/jorgezanoni.com.br\/2019\/wp-json\/wp\/v2\/posts"}],"about":[{"href":"https:\/\/jorgezanoni.com.br\/2019\/wp-json\/wp\/v2\/types\/post"}],"author":[{"embeddable":true,"href":"https:\/\/jorgezanoni.com.br\/2019\/wp-json\/wp\/v2\/users\/1"}],"replies":[{"embeddable":true,"href":"https:\/\/jorgezanoni.com.br\/2019\/wp-json\/wp\/v2\/comments?post=56995"}],"version-history":[{"count":0,"href":"https:\/\/jorgezanoni.com.br\/2019\/wp-json\/wp\/v2\/posts\/56995\/revisions"}],"wp:featuredmedia":[{"embeddable":true,"href":"https:\/\/jorgezanoni.com.br\/2019\/wp-json\/wp\/v2\/media\/56996"}],"wp:attachment":[{"href":"https:\/\/jorgezanoni.com.br\/2019\/wp-json\/wp\/v2\/media?parent=56995"}],"wp:term":[{"taxonomy":"category","embeddable":true,"href":"https:\/\/jorgezanoni.com.br\/2019\/wp-json\/wp\/v2\/categories?post=56995"},{"taxonomy":"post_tag","embeddable":true,"href":"https:\/\/jorgezanoni.com.br\/2019\/wp-json\/wp\/v2\/tags?post=56995"}],"curies":[{"name":"wp","href":"https:\/\/api.w.org\/{rel}","templated":true}]}}