{"id":56992,"date":"2021-11-29T21:26:18","date_gmt":"2021-11-29T21:26:18","guid":{"rendered":"https:\/\/jorgezanoni.com.br\/2019\/?p=56992"},"modified":"2021-11-29T21:26:18","modified_gmt":"2021-11-29T21:26:18","slug":"academicos-da-unifadra-publicam-trabalho-no-livro-casos-clinicos-comentados-em-ginecologia-e-obstetricia","status":"publish","type":"post","link":"https:\/\/jorgezanoni.com.br\/2019\/academicos-da-unifadra-publicam-trabalho-no-livro-casos-clinicos-comentados-em-ginecologia-e-obstetricia\/","title":{"rendered":"Acad\u00eamicos da Unifadra publicam trabalho no livro Casos Cl\u00ednicos Comentados em Ginecologia e Obstetr\u00edcia"},"content":{"rendered":"<div dir=\"ltr\" style=\"text-align: justify;\"><i><strong><span style=\"font-size: large;\">As estudantes do 5\u00ba ano de Medicina foram orientadas pelo Prof. Esp. Manoel Carlos Melillo Felzener.<\/span><\/strong><br \/>\n<\/i><br \/>\n<span style=\"font-size: large;\">Lan\u00e7ado pela editora Atheneu, o livro Casos Cl\u00ednicos Comentados em Ginecologia e Obstetr\u00edcia \u00e9 voltado a exercitar o racioc\u00ednio cl\u00ednico do leitor, testar o seu grau de conhecimento frente aos temas apresentados e motiv\u00e1-lo ao estudo e \u00e0 atualiza\u00e7\u00e3o.<\/span><\/p>\n<p><span style=\"font-size: large;\">O caso 35 da se\u00e7\u00e3o de Ginecologia, Doen\u00e7as Malignas da Mama, foi escrito pelas alunas do curso de Medicina da Unifadra Dracena Let\u00edcia Caroline Pattini Gavioli, Marcela Schwam e Valentina Lacerda de Oliveira Gregolin, sob a orienta\u00e7\u00e3o do Prof. Esp. Manoel Carlos Melillo Felzener.<\/span><\/p>\n<p><span style=\"font-size: large;\">Segundo o orientador, as alunas relataram o caso de maneira esmiu\u00e7ada e did\u00e1tica, abordando desde o diagn\u00f3stico da paciente at\u00e9 o tratamento final, e apontaram o embasamento para as decis\u00f5es que conduziram ao resultado alcan\u00e7ado.<\/span><\/p>\n<p><span style=\"font-size: large;\">O diretor acad\u00eamico da Unifadra\u00a0<\/span>Prof. Dr.<span style=\"font-size: large;\">\u00a0Enio Garbelini parabeniza as alunas e o Prof. Esp. Manoel Carlos Melillo Felzener, al\u00e9m dos demais autores, pela relev\u00e2ncia do trabalho. &#8220;Essa publica\u00e7\u00e3o valoriza as pesquisas dos acad\u00eamicos e contribui para a forma\u00e7\u00e3o dos futuros profissionais, bem como incentiva a atualiza\u00e7\u00e3o de quem j\u00e1 atua na \u00e1rea de Ginecologia e Obstetr\u00edcia&#8221;.<\/span><\/p>\n<p><span style=\"font-size: large;\">No pref\u00e1cio, o\u00a0<\/span>Prof. Dr.<span style=\"font-size: large;\">\u00a0Jorge Rezende Filho, livre-docente em Cl\u00ednica Obst\u00e9trica pela Faculdade de Medicina da Universidade de S\u00e3o Paulo (FMUSP), ressalta que o livro compila casos cl\u00ednicos escritos por acad\u00eamicos de Medicina, cursando diversos per\u00edodos, de cerca de 20 faculdades brasileiras. Al\u00e9m disso, os textos est\u00e3o &#8220;sempre acompanhados de uma discuss\u00e3o ao final, refor\u00e7ando os pontos mais importantes, o diagn\u00f3stico prov\u00e1vel, os diagn\u00f3sticos diferenciais e a conduta de acordo com as diretrizes mais recentes&#8221; da pr\u00e1tica m\u00e9dica.<\/span><\/p>\n<p><span style=\"font-size: large;\">Voltado a estudantes de gradua\u00e7\u00e3o de Ginecologia e Obstetr\u00edcia, residentes e candidatos a concursos m\u00e9dicos, a obra tamb\u00e9m objetiva a atualiza\u00e7\u00e3o e a reciclagem de profissionais que trabalham em Prontos-Socorros e Unidades B\u00e1sicas de Sa\u00fade.<\/span><\/p>\n<p><span style=\"font-size: large;\">O livro \u00e9 organizado em duas se\u00e7\u00f5es (48 casos cl\u00ednicos em Ginecologia e outros 51 em Obstetr\u00edcia) e apresenta 8 editores e 208 colaboradores, trazendo 233 quest\u00f5es de m\u00faltipla escolha e respostas comentadas.<\/span><\/p>\n<p><span style=\"font-size: large;\"><b>Lan\u00e7amento<\/b>: Casos Cl\u00ednicos Comentados em Ginecologia e Obstetr\u00edcia<\/span><\/div>\n<p style=\"text-align: justify;\"><span style=\"font-size: large;\">(<a href=\"https:\/\/www.atheneu.com.br\/produto\/casos-clinicos-comentados-em-ginecologia-e-obstetricia-2531?fbclid=IwAR190EoJgD7cx-rtOumXkmI2-SzQvCJrcG6OOkYBYT-m_O7eXOszSYYciV4\" target=\"_blank\" rel=\"noopener noreferrer\">https:\/\/www.atheneu.com.br\/produto\/casos-clinicos-comentados-em-ginecologia-e-obstetricia-2531?fbclid=IwAR190EoJgD7cx-rtOumXkmI2-SzQvCJrcG6OOkYBYT-m_O7eXOszSYYciV4<\/a>)<\/span><\/p>\n<div dir=\"ltr\" style=\"text-align: justify;\"><span style=\"font-size: large;\"><b>Editores<\/b>: H\u00e9lio Haddad Filho, Yara Lucia Mendes Furtado de Melo, Agnaldo Lopes da Silva Filho, Aljerry Dias do R\u00eago, Fernanda de Souza Hopf, Juliana Carrara Lombardi, Bruna Carrara Lombardi e Islan da Rocha.<\/span><br \/>\n<span style=\"font-size: large;\"><b>Ano de edi\u00e7\u00e3o<\/b>: 2021 &#8211; Editora Atheneu<\/span><br \/>\n<span style=\"font-size: large;\"><b>N\u00famero de p\u00e1ginas<\/b>: 622<\/span><\/p>\n<p><span style=\"font-size: large;\"><b>Manoel Carlos Melillo Felzener<\/b><\/span><br \/>\n<span style=\"font-size: large;\">Graduado em Medicina pela Universidade Jos\u00e9 do Ros\u00e1rio Vellano (Unifenas). Resid\u00eancia M\u00e9dica em Ginecologia\/Obstetr\u00edcia pela Maternidade Albert Sabin, Campinas\/SP. T\u00edtulo de Especialista em Ginecologia e Obstetr\u00edcia (TEGO). Resid\u00eancia M\u00e9dica em Mastologia pelo Instituto Brasileiro de Controle do C\u00e2ncer (IBCC-SP). T\u00edtulo de Especialista em Mastologia (TEMA). Mestrando em Ci\u00eancias da Sa\u00fade pela Universidade do Oeste Paulista (Unoeste).<\/span><\/p>\n<p><span style=\"font-size: large;\"><b>Let\u00edcia Caroline Pattini Gavioli<\/b><\/span><br \/>\n<span style=\"font-size: large;\">Acad\u00eamica de Medicina na Unifadra Dracena. Membro fundador das Ligas Acad\u00eamicas de Ginecologia e Obstetr\u00edcia (LAGO), de Medicina Legal e Per\u00edcia M\u00e9dica\u00a0<\/span>(LAMELP)<span style=\"font-size: large;\">\u00a0e de Urologia (LAU) de Dracena. \u00c9 presidente da LAGO, foi secret\u00e1ria da\u00a0<\/span>LAMELP<span style=\"font-size: large;\">\u00a0e tesoureira da LAU.<\/span><\/p>\n<p><span style=\"font-size: large;\"><b>Marcela Schwam<\/b><\/span><br \/>\n<span style=\"font-size: large;\">Acad\u00eamica de Medicina na Unifadra Dracena. Membro fundador das Ligas Acad\u00eamicas de Ginecologia e Obstetr\u00edcia (LAGO), de Urologia (LAU) e de Cirurgia Geral (LACG) de Dracena. \u00c9 vice-presidente na LAGO, tesoureira na LACG e diretora cient\u00edfica na LAU.<\/span><\/p>\n<p><span style=\"font-size: large;\"><b>Valentina Lacerda de Oliveira Gregolin<\/b><\/span><br \/>\n<span style=\"font-size: large;\">Acad\u00eamica de Medicina na Unifadra Dracena. Membro fundador das Ligas Acad\u00eamicas de Ginecologia e Obstetr\u00edcia (LAGO), de Neurologia e Neurocirurgia (LNN) e de Cl\u00ednica M\u00e9dica (LACM) de Dracena. Foi diretora da LAGO, presidente da LNN e da LACM, al\u00e9m de monitora de Histologia (2019) e diretora fundadora da Associa\u00e7\u00e3o Atl\u00e9tica Acad\u00eamica de Medicina de Dracena\u00a0<\/span>(AAAMD).<\/div>\n<div dir=\"ltr\"><\/div>\n<div dir=\"ltr\">Fonte: Depto. de Comunica\u00e7\u00e3o da Fundec<\/div>\n","protected":false},"excerpt":{"rendered":"<p>As estudantes do 5\u00ba ano de Medicina foram orientadas pelo Prof. Esp. Manoel Carlos Melillo Felzener. Lan\u00e7ado pela editora Atheneu, o livro Casos Cl\u00ednicos Comentados em Ginecologia e Obstetr\u00edcia \u00e9 voltado a exercitar o racioc\u00ednio cl\u00ednico do leitor, testar o seu grau de conhecimento frente aos temas apresentados e motiv\u00e1-lo ao estudo e \u00e0 atualiza\u00e7\u00e3o. [&hellip;]<\/p>\n","protected":false},"author":1,"featured_media":56993,"comment_status":"closed","ping_status":"open","sticky":false,"template":"","format":"standard","meta":{"footnotes":""},"categories":[110,122],"tags":[],"class_list":["post-56992","post","type-post","status-publish","format-standard","has-post-thumbnail","hentry","category-noticiasdestaque","category-saudeeducacaoeconcurso"],"_links":{"self":[{"href":"https:\/\/jorgezanoni.com.br\/2019\/wp-json\/wp\/v2\/posts\/56992","targetHints":{"allow":["GET"]}}],"collection":[{"href":"https:\/\/jorgezanoni.com.br\/2019\/wp-json\/wp\/v2\/posts"}],"about":[{"href":"https:\/\/jorgezanoni.com.br\/2019\/wp-json\/wp\/v2\/types\/post"}],"author":[{"embeddable":true,"href":"https:\/\/jorgezanoni.com.br\/2019\/wp-json\/wp\/v2\/users\/1"}],"replies":[{"embeddable":true,"href":"https:\/\/jorgezanoni.com.br\/2019\/wp-json\/wp\/v2\/comments?post=56992"}],"version-history":[{"count":0,"href":"https:\/\/jorgezanoni.com.br\/2019\/wp-json\/wp\/v2\/posts\/56992\/revisions"}],"wp:featuredmedia":[{"embeddable":true,"href":"https:\/\/jorgezanoni.com.br\/2019\/wp-json\/wp\/v2\/media\/56993"}],"wp:attachment":[{"href":"https:\/\/jorgezanoni.com.br\/2019\/wp-json\/wp\/v2\/media?parent=56992"}],"wp:term":[{"taxonomy":"category","embeddable":true,"href":"https:\/\/jorgezanoni.com.br\/2019\/wp-json\/wp\/v2\/categories?post=56992"},{"taxonomy":"post_tag","embeddable":true,"href":"https:\/\/jorgezanoni.com.br\/2019\/wp-json\/wp\/v2\/tags?post=56992"}],"curies":[{"name":"wp","href":"https:\/\/api.w.org\/{rel}","templated":true}]}}