{"id":56969,"date":"2021-11-29T12:19:21","date_gmt":"2021-11-29T12:19:21","guid":{"rendered":"https:\/\/jorgezanoni.com.br\/2019\/?p=56969"},"modified":"2021-11-29T12:19:21","modified_gmt":"2021-11-29T12:19:21","slug":"transito-em-frente-ao-postao-de-saude-e-alterado-para-mao-dupla","status":"publish","type":"post","link":"https:\/\/jorgezanoni.com.br\/2019\/transito-em-frente-ao-postao-de-saude-e-alterado-para-mao-dupla\/","title":{"rendered":"Tr\u00e2nsito em frente ao Post\u00e3o de Sa\u00fade \u00e9 alterado para m\u00e3o dupla"},"content":{"rendered":"<p style=\"text-align: justify;\">A Secretaria de Infraestrutura, Assuntos Vi\u00e1rios, Habita\u00e7\u00e3o informa que no cruzamento da Avenida Washington Luiz com a Rua Esp\u00edrito Santo, esquina do Post\u00e3o Dr. Takashi Enokibara,\u00a0onde existe um\u00a0sem\u00e1foro de 3 tempos foi implantada\u00a0mais um conjunto focal. Agora o equipamento passou a ser de\u00a04 tempos, conforme explica o diretor de Assuntos Vi\u00e1rios An\u00edsio de Almeida.<br \/>\nSegundo ele, com a mudan\u00e7a vai melhorar o fluxo de ve\u00edculos naquela regi\u00e3o, porque a Rua Esp\u00edrito Santo que era m\u00e3o \u00fanica entre a Avenida Washington Luiz e \u00a0a Rua Joaquina Maria Andr\u00e9 sentido Centro tornou-se m\u00e3o dupla podendo agora os condutos se locomoverem sentido Centro-Bairros.<\/p>\n<p style=\"text-align: justify;\"><img loading=\"lazy\" decoding=\"async\" class=\"alignnone size-full wp-image-56970\" src=\"https:\/\/jorgezanoni.com.br\/2019\/wp-content\/uploads\/2021\/11\/posto.jpg\" alt=\"\" width=\"800\" height=\"450\" srcset=\"https:\/\/jorgezanoni.com.br\/2019\/wp-content\/uploads\/2021\/11\/posto.jpg 800w, https:\/\/jorgezanoni.com.br\/2019\/wp-content\/uploads\/2021\/11\/posto-300x169.jpg 300w, https:\/\/jorgezanoni.com.br\/2019\/wp-content\/uploads\/2021\/11\/posto-768x432.jpg 768w, https:\/\/jorgezanoni.com.br\/2019\/wp-content\/uploads\/2021\/11\/posto-696x392.jpg 696w, https:\/\/jorgezanoni.com.br\/2019\/wp-content\/uploads\/2021\/11\/posto-747x420.jpg 747w\" sizes=\"auto, (max-width: 800px) 100vw, 800px\" \/> <img loading=\"lazy\" decoding=\"async\" class=\"alignnone size-full wp-image-56971\" src=\"https:\/\/jorgezanoni.com.br\/2019\/wp-content\/uploads\/2021\/11\/posto1.jpg\" alt=\"\" width=\"800\" height=\"600\" srcset=\"https:\/\/jorgezanoni.com.br\/2019\/wp-content\/uploads\/2021\/11\/posto1.jpg 800w, https:\/\/jorgezanoni.com.br\/2019\/wp-content\/uploads\/2021\/11\/posto1-300x225.jpg 300w, https:\/\/jorgezanoni.com.br\/2019\/wp-content\/uploads\/2021\/11\/posto1-768x576.jpg 768w, https:\/\/jorgezanoni.com.br\/2019\/wp-content\/uploads\/2021\/11\/posto1-80x60.jpg 80w, https:\/\/jorgezanoni.com.br\/2019\/wp-content\/uploads\/2021\/11\/posto1-265x198.jpg 265w, https:\/\/jorgezanoni.com.br\/2019\/wp-content\/uploads\/2021\/11\/posto1-696x522.jpg 696w, https:\/\/jorgezanoni.com.br\/2019\/wp-content\/uploads\/2021\/11\/posto1-560x420.jpg 560w\" sizes=\"auto, (max-width: 800px) 100vw, 800px\" \/> <img loading=\"lazy\" decoding=\"async\" class=\"alignnone size-full wp-image-56972\" src=\"https:\/\/jorgezanoni.com.br\/2019\/wp-content\/uploads\/2021\/11\/posto2.jpg\" alt=\"\" width=\"800\" height=\"450\" srcset=\"https:\/\/jorgezanoni.com.br\/2019\/wp-content\/uploads\/2021\/11\/posto2.jpg 800w, https:\/\/jorgezanoni.com.br\/2019\/wp-content\/uploads\/2021\/11\/posto2-300x169.jpg 300w, https:\/\/jorgezanoni.com.br\/2019\/wp-content\/uploads\/2021\/11\/posto2-768x432.jpg 768w, https:\/\/jorgezanoni.com.br\/2019\/wp-content\/uploads\/2021\/11\/posto2-696x392.jpg 696w, https:\/\/jorgezanoni.com.br\/2019\/wp-content\/uploads\/2021\/11\/posto2-747x420.jpg 747w\" sizes=\"auto, (max-width: 800px) 100vw, 800px\" \/>Fonte: Diretoria de Comunica\u00e7\u00e3o<\/p>\n","protected":false},"excerpt":{"rendered":"<p>A Secretaria de Infraestrutura, Assuntos Vi\u00e1rios, Habita\u00e7\u00e3o informa que no cruzamento da Avenida Washington Luiz com a Rua Esp\u00edrito Santo, esquina do Post\u00e3o Dr. Takashi Enokibara,\u00a0onde existe um\u00a0sem\u00e1foro de 3 tempos foi implantada\u00a0mais um conjunto focal. Agora o equipamento passou a ser de\u00a04 tempos, conforme explica o diretor de Assuntos Vi\u00e1rios An\u00edsio de Almeida. Segundo [&hellip;]<\/p>\n","protected":false},"author":1,"featured_media":56973,"comment_status":"closed","ping_status":"open","sticky":false,"template":"","format":"standard","meta":{"footnotes":""},"categories":[179,184,180,110],"tags":[],"class_list":["post-56969","post","type-post","status-publish","format-standard","has-post-thumbnail","hentry","category-cidadeseregiao","category-dracena","category-estradastransitoveiculos","category-noticiasdestaque"],"_links":{"self":[{"href":"https:\/\/jorgezanoni.com.br\/2019\/wp-json\/wp\/v2\/posts\/56969","targetHints":{"allow":["GET"]}}],"collection":[{"href":"https:\/\/jorgezanoni.com.br\/2019\/wp-json\/wp\/v2\/posts"}],"about":[{"href":"https:\/\/jorgezanoni.com.br\/2019\/wp-json\/wp\/v2\/types\/post"}],"author":[{"embeddable":true,"href":"https:\/\/jorgezanoni.com.br\/2019\/wp-json\/wp\/v2\/users\/1"}],"replies":[{"embeddable":true,"href":"https:\/\/jorgezanoni.com.br\/2019\/wp-json\/wp\/v2\/comments?post=56969"}],"version-history":[{"count":0,"href":"https:\/\/jorgezanoni.com.br\/2019\/wp-json\/wp\/v2\/posts\/56969\/revisions"}],"wp:featuredmedia":[{"embeddable":true,"href":"https:\/\/jorgezanoni.com.br\/2019\/wp-json\/wp\/v2\/media\/56973"}],"wp:attachment":[{"href":"https:\/\/jorgezanoni.com.br\/2019\/wp-json\/wp\/v2\/media?parent=56969"}],"wp:term":[{"taxonomy":"category","embeddable":true,"href":"https:\/\/jorgezanoni.com.br\/2019\/wp-json\/wp\/v2\/categories?post=56969"},{"taxonomy":"post_tag","embeddable":true,"href":"https:\/\/jorgezanoni.com.br\/2019\/wp-json\/wp\/v2\/tags?post=56969"}],"curies":[{"name":"wp","href":"https:\/\/api.w.org\/{rel}","templated":true}]}}