{"id":56934,"date":"2021-11-27T19:04:57","date_gmt":"2021-11-27T19:04:57","guid":{"rendered":"https:\/\/jorgezanoni.com.br\/2019\/?p=56934"},"modified":"2021-11-27T19:04:57","modified_gmt":"2021-11-27T19:04:57","slug":"rodrigo-delgado-e-eleito-presidente-da-oab-de-panorama","status":"publish","type":"post","link":"https:\/\/jorgezanoni.com.br\/2019\/rodrigo-delgado-e-eleito-presidente-da-oab-de-panorama\/","title":{"rendered":"Rodrigo Delgado \u00e9 eleito Presidente da OAB de Panorama"},"content":{"rendered":"<p style=\"text-align: justify;\">Foi eleito na quinta-feira (25\/11) para presidir a 259\u00b0 Subse\u00e7\u00e3o da OAB de Panorama, o advogado Rodrigo Ferreira Delgado. A diretoria ainda \u00e9 composta pela advogada Luciane Regina Nascimento Bogaz (vice-presidente), Simone Cust\u00f3dio dos Santos Aissami (Secretaria Geral), Eduardo Meirelles Siqueira (Secret\u00e1rio Adjunto) e Adriano de Oliveira (Tesoureiro). O presidente eleito que j\u00e1 presidiu a subse\u00e7\u00e3o de Tupi Paulista nos anos 2019\/2020, ir\u00e1 representar a Subse\u00e7\u00e3o de Panorama nos anos 2022\/2024, que possui 100 advogados inscritos, e foi criada no ano de 2020.<\/p>\n<p><img loading=\"lazy\" decoding=\"async\" class=\"alignnone size-full wp-image-56936\" src=\"https:\/\/jorgezanoni.com.br\/2019\/wp-content\/uploads\/2021\/11\/si1.jpg\" alt=\"\" width=\"1600\" height=\"1200\" srcset=\"https:\/\/jorgezanoni.com.br\/2019\/wp-content\/uploads\/2021\/11\/si1.jpg 1600w, https:\/\/jorgezanoni.com.br\/2019\/wp-content\/uploads\/2021\/11\/si1-300x225.jpg 300w, https:\/\/jorgezanoni.com.br\/2019\/wp-content\/uploads\/2021\/11\/si1-1024x768.jpg 1024w, https:\/\/jorgezanoni.com.br\/2019\/wp-content\/uploads\/2021\/11\/si1-768x576.jpg 768w, https:\/\/jorgezanoni.com.br\/2019\/wp-content\/uploads\/2021\/11\/si1-1536x1152.jpg 1536w, https:\/\/jorgezanoni.com.br\/2019\/wp-content\/uploads\/2021\/11\/si1-80x60.jpg 80w, https:\/\/jorgezanoni.com.br\/2019\/wp-content\/uploads\/2021\/11\/si1-265x198.jpg 265w, https:\/\/jorgezanoni.com.br\/2019\/wp-content\/uploads\/2021\/11\/si1-696x522.jpg 696w, https:\/\/jorgezanoni.com.br\/2019\/wp-content\/uploads\/2021\/11\/si1-1068x801.jpg 1068w, https:\/\/jorgezanoni.com.br\/2019\/wp-content\/uploads\/2021\/11\/si1-560x420.jpg 560w\" sizes=\"auto, (max-width: 1600px) 100vw, 1600px\" \/><img loading=\"lazy\" decoding=\"async\" class=\"alignnone size-full wp-image-56939\" src=\"https:\/\/jorgezanoni.com.br\/2019\/wp-content\/uploads\/2021\/11\/si4.jpg\" alt=\"\" width=\"1200\" height=\"1600\" srcset=\"https:\/\/jorgezanoni.com.br\/2019\/wp-content\/uploads\/2021\/11\/si4.jpg 1200w, https:\/\/jorgezanoni.com.br\/2019\/wp-content\/uploads\/2021\/11\/si4-225x300.jpg 225w, https:\/\/jorgezanoni.com.br\/2019\/wp-content\/uploads\/2021\/11\/si4-768x1024.jpg 768w, https:\/\/jorgezanoni.com.br\/2019\/wp-content\/uploads\/2021\/11\/si4-1152x1536.jpg 1152w, https:\/\/jorgezanoni.com.br\/2019\/wp-content\/uploads\/2021\/11\/si4-696x928.jpg 696w, https:\/\/jorgezanoni.com.br\/2019\/wp-content\/uploads\/2021\/11\/si4-1068x1424.jpg 1068w, https:\/\/jorgezanoni.com.br\/2019\/wp-content\/uploads\/2021\/11\/si4-315x420.jpg 315w\" sizes=\"auto, (max-width: 1200px) 100vw, 1200px\" \/><img loading=\"lazy\" decoding=\"async\" class=\"alignnone size-full wp-image-56940\" src=\"https:\/\/jorgezanoni.com.br\/2019\/wp-content\/uploads\/2021\/11\/si5.jpg\" alt=\"\" width=\"828\" height=\"1472\" srcset=\"https:\/\/jorgezanoni.com.br\/2019\/wp-content\/uploads\/2021\/11\/si5.jpg 828w, https:\/\/jorgezanoni.com.br\/2019\/wp-content\/uploads\/2021\/11\/si5-169x300.jpg 169w, https:\/\/jorgezanoni.com.br\/2019\/wp-content\/uploads\/2021\/11\/si5-576x1024.jpg 576w, https:\/\/jorgezanoni.com.br\/2019\/wp-content\/uploads\/2021\/11\/si5-768x1365.jpg 768w, https:\/\/jorgezanoni.com.br\/2019\/wp-content\/uploads\/2021\/11\/si5-696x1237.jpg 696w, https:\/\/jorgezanoni.com.br\/2019\/wp-content\/uploads\/2021\/11\/si5-236x420.jpg 236w\" sizes=\"auto, (max-width: 828px) 100vw, 828px\" \/><img loading=\"lazy\" decoding=\"async\" class=\"alignnone size-full wp-image-56941\" src=\"https:\/\/jorgezanoni.com.br\/2019\/wp-content\/uploads\/2021\/11\/si6.jpg\" alt=\"\" width=\"1054\" height=\"1600\" srcset=\"https:\/\/jorgezanoni.com.br\/2019\/wp-content\/uploads\/2021\/11\/si6.jpg 1054w, https:\/\/jorgezanoni.com.br\/2019\/wp-content\/uploads\/2021\/11\/si6-198x300.jpg 198w, https:\/\/jorgezanoni.com.br\/2019\/wp-content\/uploads\/2021\/11\/si6-675x1024.jpg 675w, https:\/\/jorgezanoni.com.br\/2019\/wp-content\/uploads\/2021\/11\/si6-768x1166.jpg 768w, https:\/\/jorgezanoni.com.br\/2019\/wp-content\/uploads\/2021\/11\/si6-1012x1536.jpg 1012w, https:\/\/jorgezanoni.com.br\/2019\/wp-content\/uploads\/2021\/11\/si6-696x1057.jpg 696w, https:\/\/jorgezanoni.com.br\/2019\/wp-content\/uploads\/2021\/11\/si6-277x420.jpg 277w\" sizes=\"auto, (max-width: 1054px) 100vw, 1054px\" \/><img loading=\"lazy\" decoding=\"async\" class=\"alignnone size-full wp-image-56942\" src=\"https:\/\/jorgezanoni.com.br\/2019\/wp-content\/uploads\/2021\/11\/si7.jpg\" alt=\"\" width=\"1200\" height=\"1600\" srcset=\"https:\/\/jorgezanoni.com.br\/2019\/wp-content\/uploads\/2021\/11\/si7.jpg 1200w, https:\/\/jorgezanoni.com.br\/2019\/wp-content\/uploads\/2021\/11\/si7-225x300.jpg 225w, https:\/\/jorgezanoni.com.br\/2019\/wp-content\/uploads\/2021\/11\/si7-768x1024.jpg 768w, https:\/\/jorgezanoni.com.br\/2019\/wp-content\/uploads\/2021\/11\/si7-1152x1536.jpg 1152w, https:\/\/jorgezanoni.com.br\/2019\/wp-content\/uploads\/2021\/11\/si7-696x928.jpg 696w, https:\/\/jorgezanoni.com.br\/2019\/wp-content\/uploads\/2021\/11\/si7-1068x1424.jpg 1068w, https:\/\/jorgezanoni.com.br\/2019\/wp-content\/uploads\/2021\/11\/si7-315x420.jpg 315w\" sizes=\"auto, (max-width: 1200px) 100vw, 1200px\" \/><\/p>\n","protected":false},"excerpt":{"rendered":"<p>Foi eleito na quinta-feira (25\/11) para presidir a 259\u00b0 Subse\u00e7\u00e3o da OAB de Panorama, o advogado Rodrigo Ferreira Delgado. A diretoria ainda \u00e9 composta pela advogada Luciane Regina Nascimento Bogaz (vice-presidente), Simone Cust\u00f3dio dos Santos Aissami (Secretaria Geral), Eduardo Meirelles Siqueira (Secret\u00e1rio Adjunto) e Adriano de Oliveira (Tesoureiro). O presidente eleito que j\u00e1 presidiu a [&hellip;]<\/p>\n","protected":false},"author":1,"featured_media":56938,"comment_status":"closed","ping_status":"open","sticky":false,"template":"","format":"standard","meta":{"footnotes":""},"categories":[120,110],"tags":[],"class_list":["post-56934","post","type-post","status-publish","format-standard","has-post-thumbnail","hentry","category-justicahabitacaotecnologia","category-noticiasdestaque"],"_links":{"self":[{"href":"https:\/\/jorgezanoni.com.br\/2019\/wp-json\/wp\/v2\/posts\/56934","targetHints":{"allow":["GET"]}}],"collection":[{"href":"https:\/\/jorgezanoni.com.br\/2019\/wp-json\/wp\/v2\/posts"}],"about":[{"href":"https:\/\/jorgezanoni.com.br\/2019\/wp-json\/wp\/v2\/types\/post"}],"author":[{"embeddable":true,"href":"https:\/\/jorgezanoni.com.br\/2019\/wp-json\/wp\/v2\/users\/1"}],"replies":[{"embeddable":true,"href":"https:\/\/jorgezanoni.com.br\/2019\/wp-json\/wp\/v2\/comments?post=56934"}],"version-history":[{"count":0,"href":"https:\/\/jorgezanoni.com.br\/2019\/wp-json\/wp\/v2\/posts\/56934\/revisions"}],"wp:featuredmedia":[{"embeddable":true,"href":"https:\/\/jorgezanoni.com.br\/2019\/wp-json\/wp\/v2\/media\/56938"}],"wp:attachment":[{"href":"https:\/\/jorgezanoni.com.br\/2019\/wp-json\/wp\/v2\/media?parent=56934"}],"wp:term":[{"taxonomy":"category","embeddable":true,"href":"https:\/\/jorgezanoni.com.br\/2019\/wp-json\/wp\/v2\/categories?post=56934"},{"taxonomy":"post_tag","embeddable":true,"href":"https:\/\/jorgezanoni.com.br\/2019\/wp-json\/wp\/v2\/tags?post=56934"}],"curies":[{"name":"wp","href":"https:\/\/api.w.org\/{rel}","templated":true}]}}