{"id":56882,"date":"2021-11-26T21:53:48","date_gmt":"2021-11-26T21:53:48","guid":{"rendered":"https:\/\/jorgezanoni.com.br\/2019\/?p=56882"},"modified":"2021-11-26T21:53:48","modified_gmt":"2021-11-26T21:53:48","slug":"virou-cinza-policia-civil-incinera-mais-de-70-quilos-de-drogas-apreendidas-em-dracena","status":"publish","type":"post","link":"https:\/\/jorgezanoni.com.br\/2019\/virou-cinza-policia-civil-incinera-mais-de-70-quilos-de-drogas-apreendidas-em-dracena\/","title":{"rendered":"Virou Cinza: Pol\u00edcia Civil incinera mais de 70 quilos de drogas apreendidas em Dracena"},"content":{"rendered":"<p style=\"text-align: justify;\">A Pol\u00edcia Civil, por interm\u00e9dio das Unidades Especializadas &#8211; DIG\/DISE, incinerou nesta sexta-feira (26), nos fornos de uma cer\u00e2mica, cerca de mais 70 quilos de drogas apreendidas.<\/p>\n<p style=\"text-align: justify;\">O material entorpecente destru\u00eddo fazia parte de inqu\u00e9ritos policiais e termos circunstanciados que tramitavam na Delegacia de Investiga\u00e7\u00f5es Sobre Entorpecentes, e que tiveram autoriza\u00e7\u00e3o judicial para serem incinerados.<\/p>\n<p style=\"text-align: justify;\">Todo o procedimento de incinera\u00e7\u00e3o seguiu o ditame estabelecido pela Lei Drogas e contou com a presen\u00e7a de agentes das Unidades Especializadas, al\u00e9m dos representes do Minist\u00e9rio P\u00fablico e da Vigil\u00e2ncia Sanit\u00e1ria.<\/p>\n<p><img loading=\"lazy\" decoding=\"async\" class=\"alignnone size-full wp-image-56883\" src=\"https:\/\/jorgezanoni.com.br\/2019\/wp-content\/uploads\/2021\/11\/queima.jpg\" alt=\"\" width=\"1280\" height=\"960\" srcset=\"https:\/\/jorgezanoni.com.br\/2019\/wp-content\/uploads\/2021\/11\/queima.jpg 1280w, https:\/\/jorgezanoni.com.br\/2019\/wp-content\/uploads\/2021\/11\/queima-300x225.jpg 300w, https:\/\/jorgezanoni.com.br\/2019\/wp-content\/uploads\/2021\/11\/queima-1024x768.jpg 1024w, https:\/\/jorgezanoni.com.br\/2019\/wp-content\/uploads\/2021\/11\/queima-768x576.jpg 768w, https:\/\/jorgezanoni.com.br\/2019\/wp-content\/uploads\/2021\/11\/queima-80x60.jpg 80w, https:\/\/jorgezanoni.com.br\/2019\/wp-content\/uploads\/2021\/11\/queima-265x198.jpg 265w, https:\/\/jorgezanoni.com.br\/2019\/wp-content\/uploads\/2021\/11\/queima-696x522.jpg 696w, https:\/\/jorgezanoni.com.br\/2019\/wp-content\/uploads\/2021\/11\/queima-1068x801.jpg 1068w, https:\/\/jorgezanoni.com.br\/2019\/wp-content\/uploads\/2021\/11\/queima-560x420.jpg 560w\" sizes=\"auto, (max-width: 1280px) 100vw, 1280px\" \/> <img loading=\"lazy\" decoding=\"async\" class=\"alignnone size-full wp-image-56884\" src=\"https:\/\/jorgezanoni.com.br\/2019\/wp-content\/uploads\/2021\/11\/queima1.jpg\" alt=\"\" width=\"622\" height=\"1280\" srcset=\"https:\/\/jorgezanoni.com.br\/2019\/wp-content\/uploads\/2021\/11\/queima1.jpg 622w, https:\/\/jorgezanoni.com.br\/2019\/wp-content\/uploads\/2021\/11\/queima1-146x300.jpg 146w, https:\/\/jorgezanoni.com.br\/2019\/wp-content\/uploads\/2021\/11\/queima1-498x1024.jpg 498w, https:\/\/jorgezanoni.com.br\/2019\/wp-content\/uploads\/2021\/11\/queima1-204x420.jpg 204w\" sizes=\"auto, (max-width: 622px) 100vw, 622px\" \/> <img loading=\"lazy\" decoding=\"async\" class=\"alignnone size-full wp-image-56885\" src=\"https:\/\/jorgezanoni.com.br\/2019\/wp-content\/uploads\/2021\/11\/queima2.jpg\" alt=\"\" width=\"622\" height=\"1280\" srcset=\"https:\/\/jorgezanoni.com.br\/2019\/wp-content\/uploads\/2021\/11\/queima2.jpg 622w, https:\/\/jorgezanoni.com.br\/2019\/wp-content\/uploads\/2021\/11\/queima2-146x300.jpg 146w, https:\/\/jorgezanoni.com.br\/2019\/wp-content\/uploads\/2021\/11\/queima2-498x1024.jpg 498w, https:\/\/jorgezanoni.com.br\/2019\/wp-content\/uploads\/2021\/11\/queima2-204x420.jpg 204w\" sizes=\"auto, (max-width: 622px) 100vw, 622px\" \/><\/p>\n<p>Fonte: Com. Social Pol\u00edcia Civil<\/p>\n","protected":false},"excerpt":{"rendered":"<p>A Pol\u00edcia Civil, por interm\u00e9dio das Unidades Especializadas &#8211; DIG\/DISE, incinerou nesta sexta-feira (26), nos fornos de uma cer\u00e2mica, cerca de mais 70 quilos de drogas apreendidas. O material entorpecente destru\u00eddo fazia parte de inqu\u00e9ritos policiais e termos circunstanciados que tramitavam na Delegacia de Investiga\u00e7\u00f5es Sobre Entorpecentes, e que tiveram autoriza\u00e7\u00e3o judicial para serem incinerados. [&hellip;]<\/p>\n","protected":false},"author":1,"featured_media":56886,"comment_status":"closed","ping_status":"open","sticky":false,"template":"","format":"standard","meta":{"footnotes":""},"categories":[110,2],"tags":[],"class_list":["post-56882","post","type-post","status-publish","format-standard","has-post-thumbnail","hentry","category-noticiasdestaque","category-policial"],"_links":{"self":[{"href":"https:\/\/jorgezanoni.com.br\/2019\/wp-json\/wp\/v2\/posts\/56882","targetHints":{"allow":["GET"]}}],"collection":[{"href":"https:\/\/jorgezanoni.com.br\/2019\/wp-json\/wp\/v2\/posts"}],"about":[{"href":"https:\/\/jorgezanoni.com.br\/2019\/wp-json\/wp\/v2\/types\/post"}],"author":[{"embeddable":true,"href":"https:\/\/jorgezanoni.com.br\/2019\/wp-json\/wp\/v2\/users\/1"}],"replies":[{"embeddable":true,"href":"https:\/\/jorgezanoni.com.br\/2019\/wp-json\/wp\/v2\/comments?post=56882"}],"version-history":[{"count":0,"href":"https:\/\/jorgezanoni.com.br\/2019\/wp-json\/wp\/v2\/posts\/56882\/revisions"}],"wp:featuredmedia":[{"embeddable":true,"href":"https:\/\/jorgezanoni.com.br\/2019\/wp-json\/wp\/v2\/media\/56886"}],"wp:attachment":[{"href":"https:\/\/jorgezanoni.com.br\/2019\/wp-json\/wp\/v2\/media?parent=56882"}],"wp:term":[{"taxonomy":"category","embeddable":true,"href":"https:\/\/jorgezanoni.com.br\/2019\/wp-json\/wp\/v2\/categories?post=56882"},{"taxonomy":"post_tag","embeddable":true,"href":"https:\/\/jorgezanoni.com.br\/2019\/wp-json\/wp\/v2\/tags?post=56882"}],"curies":[{"name":"wp","href":"https:\/\/api.w.org\/{rel}","templated":true}]}}