{"id":56854,"date":"2021-11-26T01:23:24","date_gmt":"2021-11-26T01:23:24","guid":{"rendered":"https:\/\/jorgezanoni.com.br\/2019\/?p=56854"},"modified":"2021-11-26T01:23:53","modified_gmt":"2021-11-26T01:23:53","slug":"joao-feracini-e-eleito-presidente-da-oab-em-tupi-paulista","status":"publish","type":"post","link":"https:\/\/jorgezanoni.com.br\/2019\/joao-feracini-e-eleito-presidente-da-oab-em-tupi-paulista\/","title":{"rendered":"Jo\u00e3o Ferracini \u00e9 eleito Presidente da OAB em Tupi Paulista"},"content":{"rendered":"<p style=\"text-align: justify;\">O Advogado Jo\u00e3o Ferracini com Chapa \u00danica, foi eleito hoje (25), Presidente da 171\u00aa subse\u00e7\u00e3o, OAB de Tupi Paulista.<\/p>\n<p style=\"text-align: justify;\">Comp\u00f5e a nova diretoria que tomar\u00e1 posse a partir de 1\u00ba de janeiro de 2.022 junto com o Presidente Ferracini, T\u00e2mara Guerra Vice Presidente, D\u00e1rio Monteiro Secret\u00e1rio, Simone Pomp\u00edlio Manzano secret\u00e1ria adjunta e Gilson Carreteiro Tesoureiro.\u00a0O mandato \u00e9 de tr\u00eas anos.<\/p>\n<p style=\"text-align: justify;\">O Site JZ parabeniza a chapa e deseja sucesso aos Advogados eleitos.<\/p>\n<p style=\"text-align: justify;\">Jorge Zanoni<\/p>\n","protected":false},"excerpt":{"rendered":"<p>O Advogado Jo\u00e3o Ferracini com Chapa \u00danica, foi eleito hoje (25), Presidente da 171\u00aa subse\u00e7\u00e3o, OAB de Tupi Paulista. Comp\u00f5e a nova diretoria que tomar\u00e1 posse a partir de 1\u00ba de janeiro de 2.022 junto com o Presidente Ferracini, T\u00e2mara Guerra Vice Presidente, D\u00e1rio Monteiro Secret\u00e1rio, Simone Pomp\u00edlio Manzano secret\u00e1ria adjunta e Gilson Carreteiro Tesoureiro.\u00a0O [&hellip;]<\/p>\n","protected":false},"author":1,"featured_media":56855,"comment_status":"closed","ping_status":"open","sticky":false,"template":"","format":"standard","meta":{"footnotes":""},"categories":[120,110],"tags":[],"class_list":["post-56854","post","type-post","status-publish","format-standard","has-post-thumbnail","hentry","category-justicahabitacaotecnologia","category-noticiasdestaque"],"_links":{"self":[{"href":"https:\/\/jorgezanoni.com.br\/2019\/wp-json\/wp\/v2\/posts\/56854","targetHints":{"allow":["GET"]}}],"collection":[{"href":"https:\/\/jorgezanoni.com.br\/2019\/wp-json\/wp\/v2\/posts"}],"about":[{"href":"https:\/\/jorgezanoni.com.br\/2019\/wp-json\/wp\/v2\/types\/post"}],"author":[{"embeddable":true,"href":"https:\/\/jorgezanoni.com.br\/2019\/wp-json\/wp\/v2\/users\/1"}],"replies":[{"embeddable":true,"href":"https:\/\/jorgezanoni.com.br\/2019\/wp-json\/wp\/v2\/comments?post=56854"}],"version-history":[{"count":0,"href":"https:\/\/jorgezanoni.com.br\/2019\/wp-json\/wp\/v2\/posts\/56854\/revisions"}],"wp:featuredmedia":[{"embeddable":true,"href":"https:\/\/jorgezanoni.com.br\/2019\/wp-json\/wp\/v2\/media\/56855"}],"wp:attachment":[{"href":"https:\/\/jorgezanoni.com.br\/2019\/wp-json\/wp\/v2\/media?parent=56854"}],"wp:term":[{"taxonomy":"category","embeddable":true,"href":"https:\/\/jorgezanoni.com.br\/2019\/wp-json\/wp\/v2\/categories?post=56854"},{"taxonomy":"post_tag","embeddable":true,"href":"https:\/\/jorgezanoni.com.br\/2019\/wp-json\/wp\/v2\/tags?post=56854"}],"curies":[{"name":"wp","href":"https:\/\/api.w.org\/{rel}","templated":true}]}}