{"id":56837,"date":"2021-11-25T14:36:25","date_gmt":"2021-11-25T14:36:25","guid":{"rendered":"https:\/\/jorgezanoni.com.br\/2019\/?p=56837"},"modified":"2021-11-25T14:36:25","modified_gmt":"2021-11-25T14:36:25","slug":"chapa-unica-deve-ser-eleita-na-oab-de-dracena-nesta-quinta-feira","status":"publish","type":"post","link":"https:\/\/jorgezanoni.com.br\/2019\/chapa-unica-deve-ser-eleita-na-oab-de-dracena-nesta-quinta-feira\/","title":{"rendered":"Chapa \u00fanica deve ser eleita na OAB de Dracena, nesta quinta-feira"},"content":{"rendered":"<p style=\"text-align: justify;\"><strong>Chapa \u00fanica concorre hoje na elei\u00e7\u00e3o da OAB em Dracena, entre 9 e 17 horas.<\/strong><\/p>\n<p style=\"text-align: justify;\">Juliano Stevanato Pereira \u00e9 o candidato \u00e0 presid\u00eancia pelo grupo \u201cA Ordem \u00e9 avan\u00e7ar\u201d.<\/p>\n<p style=\"text-align: justify;\">Os demais componentes s\u00e3o: Rafaela Alves do Carmo (vice-presidente), Artur Bonini do Prado (secret\u00e1rio geral), Val\u00e9ria Silva Leite (secret\u00e1ria-adjunta) e \u00c9rica Tolentino Becegato (tesoureira).<\/p>\n<p style=\"text-align: justify;\">M\u00e1rcio Henrique Baraldo \u00e9 candidato na OAB de Junqueir\u00f3polis.<\/p>\n<p style=\"text-align: justify;\">Jo\u00e3o Carlos Feracini \u00e9 candidato \u00fanico na Subse\u00e7\u00e3o de Tupi Paulista.<\/p>\n<p style=\"text-align: justify;\">Rodrigo Ferreira Delgado inscreveu sua chapa em Panorama.<\/p>\n<p style=\"text-align: justify;\">Cristiano Pinheiro Grosso \u00e9 candidato na OAB de Pacaembu.<\/p>\n<p style=\"text-align: justify;\">Em Adamantina e Luc\u00e9lia h\u00e1 duas chapas em disputa. Chapa \u00fanica em Osvaldo Cruz.<\/p>\n<p style=\"text-align: justify;\">COMANDO NO ESTADO<\/p>\n<p style=\"text-align: justify;\">Na Seccional S\u00e3o Paulo, Caio Augusto Silva do Santos \u00e9 candidato \u00e0 reelei\u00e7\u00e3o na presid\u00eancia pela chapa n\u00famero 11 \u201cConex\u00e3o e Uni\u00e3o\u201d. A advogada dracenense Margarete de C\u00e1ssia Lopes concorre como tesoureira.<\/p>\n<p style=\"text-align: justify;\">A chapa 14 \u201cMuda OAB S\u00e3o Paulo\u201d tem como candidata Maria Patr\u00edcia Vanzolini Figueiredo.<\/p>\n<p style=\"text-align: justify;\">A terceira chapa leva o n\u00famero 20 e o slogan \u201cA OAB t\u00e1 on\u201d e sua candidata \u00e0 presid\u00eancia \u00e9 Dora Marzo Cavalcante Cordani.<\/p>\n<p style=\"text-align: justify;\">A chapa 23 \u201cInova\u00e7\u00e3o e futuro\u201d \u00e9 liderada por\u00a0\u00a0M\u00e1rio de Oliveira Filho.<\/p>\n<p style=\"text-align: justify;\">Finalmente, a chapa 33 \u201cMovimento OAB pra voc\u00ea\u201d tem Alfredo Scaff Filho como candidato a presidente.<\/p>\n<p>Fonte: Bastidores da Not\u00edcia<\/p>\n","protected":false},"excerpt":{"rendered":"<p>Chapa \u00fanica concorre hoje na elei\u00e7\u00e3o da OAB em Dracena, entre 9 e 17 horas. Juliano Stevanato Pereira \u00e9 o candidato \u00e0 presid\u00eancia pelo grupo \u201cA Ordem \u00e9 avan\u00e7ar\u201d. Os demais componentes s\u00e3o: Rafaela Alves do Carmo (vice-presidente), Artur Bonini do Prado (secret\u00e1rio geral), Val\u00e9ria Silva Leite (secret\u00e1ria-adjunta) e \u00c9rica Tolentino Becegato (tesoureira). M\u00e1rcio Henrique [&hellip;]<\/p>\n","protected":false},"author":1,"featured_media":56838,"comment_status":"closed","ping_status":"open","sticky":false,"template":"","format":"standard","meta":{"footnotes":""},"categories":[120,110],"tags":[],"class_list":["post-56837","post","type-post","status-publish","format-standard","has-post-thumbnail","hentry","category-justicahabitacaotecnologia","category-noticiasdestaque"],"_links":{"self":[{"href":"https:\/\/jorgezanoni.com.br\/2019\/wp-json\/wp\/v2\/posts\/56837","targetHints":{"allow":["GET"]}}],"collection":[{"href":"https:\/\/jorgezanoni.com.br\/2019\/wp-json\/wp\/v2\/posts"}],"about":[{"href":"https:\/\/jorgezanoni.com.br\/2019\/wp-json\/wp\/v2\/types\/post"}],"author":[{"embeddable":true,"href":"https:\/\/jorgezanoni.com.br\/2019\/wp-json\/wp\/v2\/users\/1"}],"replies":[{"embeddable":true,"href":"https:\/\/jorgezanoni.com.br\/2019\/wp-json\/wp\/v2\/comments?post=56837"}],"version-history":[{"count":0,"href":"https:\/\/jorgezanoni.com.br\/2019\/wp-json\/wp\/v2\/posts\/56837\/revisions"}],"wp:featuredmedia":[{"embeddable":true,"href":"https:\/\/jorgezanoni.com.br\/2019\/wp-json\/wp\/v2\/media\/56838"}],"wp:attachment":[{"href":"https:\/\/jorgezanoni.com.br\/2019\/wp-json\/wp\/v2\/media?parent=56837"}],"wp:term":[{"taxonomy":"category","embeddable":true,"href":"https:\/\/jorgezanoni.com.br\/2019\/wp-json\/wp\/v2\/categories?post=56837"},{"taxonomy":"post_tag","embeddable":true,"href":"https:\/\/jorgezanoni.com.br\/2019\/wp-json\/wp\/v2\/tags?post=56837"}],"curies":[{"name":"wp","href":"https:\/\/api.w.org\/{rel}","templated":true}]}}