{"id":56834,"date":"2021-11-25T14:22:16","date_gmt":"2021-11-25T14:22:16","guid":{"rendered":"https:\/\/jorgezanoni.com.br\/2019\/?p=56834"},"modified":"2021-11-25T14:22:16","modified_gmt":"2021-11-25T14:22:16","slug":"marcos-antonio-da-cruz-assume-secretaria-de-agricultura-meio-ambiente-e-limpeza-publica","status":"publish","type":"post","link":"https:\/\/jorgezanoni.com.br\/2019\/marcos-antonio-da-cruz-assume-secretaria-de-agricultura-meio-ambiente-e-limpeza-publica\/","title":{"rendered":"Marcos Antonio da Cruz assume Secretaria de Agricultura, Meio Ambiente e Limpeza P\u00fablica"},"content":{"rendered":"<p style=\"text-align: justify;\">A Administra\u00e7\u00e3o Municipal informa que o novo secret\u00e1rio de Agricultura, Meio Ambiente, Limpeza P\u00fablica \u00e9 Marcos Antonio da Cruz, conhecido por Marcos do Lanche. Ele foi nomeado pelo prefeito Andr\u00e9 Lemos, com o objetivo de desenvolver um servi\u00e7o mais rigoroso quanto \u00e0 limpeza p\u00fablica principalmente,.<br \/>\nMarcos havia sido convocado na semana passada para assumir a dire\u00e7\u00e3o da Limpeza P\u00fablica do munic\u00edpio e agora passa a ser o novo secret\u00e1rio.<br \/>\nMarcos Antonio foi candidato a vereador nas elei\u00e7\u00f5es de 2020 e consta como 1\u00ba suplente de vereador na C\u00e2mara Municipal, pelo partido Pode.<\/p>\n<p style=\"text-align: justify;\">Fonte: Diretoria de Comunica\u00e7\u00e3o<\/p>\n<p>Marcos substitue Silas Teixeira que teria pedido exonera\u00e7\u00e3o do cargo.<\/p>\n","protected":false},"excerpt":{"rendered":"<p>A Administra\u00e7\u00e3o Municipal informa que o novo secret\u00e1rio de Agricultura, Meio Ambiente, Limpeza P\u00fablica \u00e9 Marcos Antonio da Cruz, conhecido por Marcos do Lanche. Ele foi nomeado pelo prefeito Andr\u00e9 Lemos, com o objetivo de desenvolver um servi\u00e7o mais rigoroso quanto \u00e0 limpeza p\u00fablica principalmente,. Marcos havia sido convocado na semana passada para assumir a [&hellip;]<\/p>\n","protected":false},"author":1,"featured_media":56835,"comment_status":"closed","ping_status":"open","sticky":false,"template":"","format":"standard","meta":{"footnotes":""},"categories":[179,184,110],"tags":[],"class_list":["post-56834","post","type-post","status-publish","format-standard","has-post-thumbnail","hentry","category-cidadeseregiao","category-dracena","category-noticiasdestaque"],"_links":{"self":[{"href":"https:\/\/jorgezanoni.com.br\/2019\/wp-json\/wp\/v2\/posts\/56834","targetHints":{"allow":["GET"]}}],"collection":[{"href":"https:\/\/jorgezanoni.com.br\/2019\/wp-json\/wp\/v2\/posts"}],"about":[{"href":"https:\/\/jorgezanoni.com.br\/2019\/wp-json\/wp\/v2\/types\/post"}],"author":[{"embeddable":true,"href":"https:\/\/jorgezanoni.com.br\/2019\/wp-json\/wp\/v2\/users\/1"}],"replies":[{"embeddable":true,"href":"https:\/\/jorgezanoni.com.br\/2019\/wp-json\/wp\/v2\/comments?post=56834"}],"version-history":[{"count":0,"href":"https:\/\/jorgezanoni.com.br\/2019\/wp-json\/wp\/v2\/posts\/56834\/revisions"}],"wp:featuredmedia":[{"embeddable":true,"href":"https:\/\/jorgezanoni.com.br\/2019\/wp-json\/wp\/v2\/media\/56835"}],"wp:attachment":[{"href":"https:\/\/jorgezanoni.com.br\/2019\/wp-json\/wp\/v2\/media?parent=56834"}],"wp:term":[{"taxonomy":"category","embeddable":true,"href":"https:\/\/jorgezanoni.com.br\/2019\/wp-json\/wp\/v2\/categories?post=56834"},{"taxonomy":"post_tag","embeddable":true,"href":"https:\/\/jorgezanoni.com.br\/2019\/wp-json\/wp\/v2\/tags?post=56834"}],"curies":[{"name":"wp","href":"https:\/\/api.w.org\/{rel}","templated":true}]}}