{"id":56730,"date":"2021-11-24T01:10:25","date_gmt":"2021-11-24T01:10:25","guid":{"rendered":"https:\/\/jorgezanoni.com.br\/2019\/?p=56730"},"modified":"2021-11-24T01:10:25","modified_gmt":"2021-11-24T01:10:25","slug":"palestra-sobre-seguranca-do-trabalho-abre-a-sipat-da-emdaep","status":"publish","type":"post","link":"https:\/\/jorgezanoni.com.br\/2019\/palestra-sobre-seguranca-do-trabalho-abre-a-sipat-da-emdaep\/","title":{"rendered":"Palestra sobre seguran\u00e7a do trabalho abre a Sipat da EMDAEP"},"content":{"rendered":"<p style=\"text-align: justify;\">Nesta segunda-feira, funcion\u00e1rios da EMDAEP acompanharam a primeira palestra da Semana Interna de Preven\u00e7\u00e3o de Acidentes de Trabalho (Sipat). O engenheiro H\u00e9lio Pesce Guastaldi falou sobre o per\u00edodo de pandemia e a respeito dos equipamentos de prote\u00e7\u00e3o individual e coletiva, dentro do tema seguran\u00e7a do trabalho.<br \/>\nA pr\u00f3xima palestra na quarta-feira contar\u00e1 com a presen\u00e7a da psic\u00f3loga Cidinha Pascoaloto, que apresentar\u00e1 o tema \u201cPsicologia, pandemia, emo\u00e7\u00f5es e luto\u201d.<br \/>\nNo encerramento, sexta-feira, Edilson Camargo, falar\u00e1 como foi o per\u00edodo que teve Covid e a retomada do trabalho ap\u00f3s seis meses.<\/p>\n<p style=\"text-align: justify;\">Fonte: Assessoria de Imprensa<\/p>\n","protected":false},"excerpt":{"rendered":"<p>Nesta segunda-feira, funcion\u00e1rios da EMDAEP acompanharam a primeira palestra da Semana Interna de Preven\u00e7\u00e3o de Acidentes de Trabalho (Sipat). O engenheiro H\u00e9lio Pesce Guastaldi falou sobre o per\u00edodo de pandemia e a respeito dos equipamentos de prote\u00e7\u00e3o individual e coletiva, dentro do tema seguran\u00e7a do trabalho. A pr\u00f3xima palestra na quarta-feira contar\u00e1 com a presen\u00e7a [&hellip;]<\/p>\n","protected":false},"author":1,"featured_media":56731,"comment_status":"closed","ping_status":"open","sticky":false,"template":"","format":"standard","meta":{"footnotes":""},"categories":[179,184,110],"tags":[],"class_list":["post-56730","post","type-post","status-publish","format-standard","has-post-thumbnail","hentry","category-cidadeseregiao","category-dracena","category-noticiasdestaque"],"_links":{"self":[{"href":"https:\/\/jorgezanoni.com.br\/2019\/wp-json\/wp\/v2\/posts\/56730","targetHints":{"allow":["GET"]}}],"collection":[{"href":"https:\/\/jorgezanoni.com.br\/2019\/wp-json\/wp\/v2\/posts"}],"about":[{"href":"https:\/\/jorgezanoni.com.br\/2019\/wp-json\/wp\/v2\/types\/post"}],"author":[{"embeddable":true,"href":"https:\/\/jorgezanoni.com.br\/2019\/wp-json\/wp\/v2\/users\/1"}],"replies":[{"embeddable":true,"href":"https:\/\/jorgezanoni.com.br\/2019\/wp-json\/wp\/v2\/comments?post=56730"}],"version-history":[{"count":0,"href":"https:\/\/jorgezanoni.com.br\/2019\/wp-json\/wp\/v2\/posts\/56730\/revisions"}],"wp:featuredmedia":[{"embeddable":true,"href":"https:\/\/jorgezanoni.com.br\/2019\/wp-json\/wp\/v2\/media\/56731"}],"wp:attachment":[{"href":"https:\/\/jorgezanoni.com.br\/2019\/wp-json\/wp\/v2\/media?parent=56730"}],"wp:term":[{"taxonomy":"category","embeddable":true,"href":"https:\/\/jorgezanoni.com.br\/2019\/wp-json\/wp\/v2\/categories?post=56730"},{"taxonomy":"post_tag","embeddable":true,"href":"https:\/\/jorgezanoni.com.br\/2019\/wp-json\/wp\/v2\/tags?post=56730"}],"curies":[{"name":"wp","href":"https:\/\/api.w.org\/{rel}","templated":true}]}}