{"id":56714,"date":"2021-11-23T17:24:03","date_gmt":"2021-11-23T17:24:03","guid":{"rendered":"https:\/\/jorgezanoni.com.br\/2019\/?p=56714"},"modified":"2021-11-23T17:24:03","modified_gmt":"2021-11-23T17:24:03","slug":"docente-da-unifai-participa-de-dialogo-sobre-emissoras-educativas-e-comunitarias-na-ufmt","status":"publish","type":"post","link":"https:\/\/jorgezanoni.com.br\/2019\/docente-da-unifai-participa-de-dialogo-sobre-emissoras-educativas-e-comunitarias-na-ufmt\/","title":{"rendered":"Docente da UniFai participa de di\u00e1logo sobre Emissoras Educativas e Comunit\u00e1rias na UFMT."},"content":{"rendered":"<p style=\"text-align: justify;\">Atualmente, faz-se necess\u00e1rio \u00a0estar em conex\u00e3o com todas as possibilidades envolvendo os processos midi\u00e1ticos em tempo de plataformas digitais.<\/p>\n<p style=\"text-align: justify;\">Neste cen\u00e1rio plural para a denominada m\u00eddia radiof\u00f4nica, torna-se fundamental o debate visando inserir as Emissoras que atuam nas \u00e1reas, a saber: Educativa\/cultural, comunit\u00e1ria e comercial.<\/p>\n<p style=\"text-align: justify;\">Portanto, esteve participando deste debate com os acad\u00eamicos\/as do Curso de Jornalismo (VII Termo) da UFMT-Universidade Federal do Mato Grosso\/Campus Araguaia, 22, das 19H \u00e0s 21h (via google meet), o <strong>professor Me. S\u00e9rgio Barbosa <\/strong>que desenvolve atividades pedag\u00f3gicas nos cursos de Administra\u00e7\u00e3o, Design e Publicidade &amp; Propaganda da UniFai, tamb\u00e9m, est\u00e1 atuando como Colaborador na R\u00e1dio Cultura FM desde outubro em parceria com o <strong>prof. Me. Ricardo Torquato<\/strong>.<\/p>\n<p style=\"text-align: justify;\">O convite ocorreu por meio da <strong>Profa. Dra. Jociene Bianchini Ferreira Pedrini<\/strong>, docente da disciplina de Jornalismo Regional e Comunit\u00e1rio, ainda, destacando o tema deste encontro: \u201cR\u00e1dio Educativas e Comunit\u00e1rias no Brasil: Um poss\u00edvel di\u00e1logo?\u201d<\/p>\n<p style=\"text-align: justify;\">Tamb\u00e9m, o prof. S\u00e9rgio participou do projeto de consolida\u00e7\u00e3o da R\u00e1dio Cultura FM quando da transfer\u00eancia da Emissora da Prefeitura para a administra\u00e7\u00e3o da FAI (1.999) e ocupou os cargos de Jornalista respons\u00e1vel e Diretor-Executivo at\u00e9 o ano de 2.008.<\/p>\n<p style=\"text-align: justify;\">Esteve na fase inicial da implanta\u00e7\u00e3o da R\u00e1dio Comunit\u00e1ria LIFE FM de Adamantina como Jornalista respons\u00e1vel e participando da \u00e1rea de jornalismo da emissora e colaborando na produ\u00e7\u00e3o\/programa\u00e7\u00e3o.<\/p>\n<p style=\"text-align: justify;\"><strong>Objetivo e diferen\u00e7as<\/strong><\/p>\n<p style=\"text-align: justify;\">De acordo com a profa. Jociene, \u201co objetivo \u00e9 trazer profissionais que entendam, discutam e vivenciam o Jornalismo Regional em n\u00edvel comunit\u00e1rio, considerando que a quest\u00e3o das r\u00e1dios \u00e9 muito importante em fun\u00e7\u00e3o das diferencia\u00e7\u00f5es existentes entre as educativas, comunit\u00e1rias e comerciais.\u201d<\/p>\n<p style=\"text-align: justify;\">Para o prof. S\u00e9rgio que tem atua\u00e7\u00e3o de mais de 20 anos no jornalismo regional nas \u00e1reas impressa, radiof\u00f4nica e digital, tendo em vista que o mesmo \u00e9 Jornalista diplomado (1.983) e ocupou o cargo de Diretor Regional do SJSP-Sindicato dos Jornalistas Profissionais do Estado de S\u00e3o Paulo, destaca que \u201cainda hoje, dialogar sobre temas e tem\u00e1ticas relacionadas com a m\u00eddia radiof\u00f4nica nas \u00e1reas educativa e comunit\u00e1ria \u00e9 fundamental, considerando as possibilidades de um trabalho de parceria entre as duas propostas em benef\u00edcio da comunidade\u201d.<\/p>\n<p style=\"text-align: justify;\">A participa\u00e7\u00e3o de docentes da UniFai em eventos acad\u00eamicos de outras institui\u00e7\u00f5es, deve ser valorizada para que a pluralidade do conhecimento possa marcar presen\u00e7a em todas as \u00e1reas da Academia (Ensino, Pesquisa e Extens\u00e3o).<\/p>\n<p>Fonte: Comunica\u00e7\u00e3o\/UniFai<\/p>\n<p style=\"text-align: justify;\">\n","protected":false},"excerpt":{"rendered":"<p>Atualmente, faz-se necess\u00e1rio \u00a0estar em conex\u00e3o com todas as possibilidades envolvendo os processos midi\u00e1ticos em tempo de plataformas digitais. Neste cen\u00e1rio plural para a denominada m\u00eddia radiof\u00f4nica, torna-se fundamental o debate visando inserir as Emissoras que atuam nas \u00e1reas, a saber: Educativa\/cultural, comunit\u00e1ria e comercial. Portanto, esteve participando deste debate com os acad\u00eamicos\/as do Curso [&hellip;]<\/p>\n","protected":false},"author":1,"featured_media":56715,"comment_status":"closed","ping_status":"open","sticky":false,"template":"","format":"standard","meta":{"footnotes":""},"categories":[110,122],"tags":[],"class_list":["post-56714","post","type-post","status-publish","format-standard","has-post-thumbnail","hentry","category-noticiasdestaque","category-saudeeducacaoeconcurso"],"_links":{"self":[{"href":"https:\/\/jorgezanoni.com.br\/2019\/wp-json\/wp\/v2\/posts\/56714","targetHints":{"allow":["GET"]}}],"collection":[{"href":"https:\/\/jorgezanoni.com.br\/2019\/wp-json\/wp\/v2\/posts"}],"about":[{"href":"https:\/\/jorgezanoni.com.br\/2019\/wp-json\/wp\/v2\/types\/post"}],"author":[{"embeddable":true,"href":"https:\/\/jorgezanoni.com.br\/2019\/wp-json\/wp\/v2\/users\/1"}],"replies":[{"embeddable":true,"href":"https:\/\/jorgezanoni.com.br\/2019\/wp-json\/wp\/v2\/comments?post=56714"}],"version-history":[{"count":0,"href":"https:\/\/jorgezanoni.com.br\/2019\/wp-json\/wp\/v2\/posts\/56714\/revisions"}],"wp:featuredmedia":[{"embeddable":true,"href":"https:\/\/jorgezanoni.com.br\/2019\/wp-json\/wp\/v2\/media\/56715"}],"wp:attachment":[{"href":"https:\/\/jorgezanoni.com.br\/2019\/wp-json\/wp\/v2\/media?parent=56714"}],"wp:term":[{"taxonomy":"category","embeddable":true,"href":"https:\/\/jorgezanoni.com.br\/2019\/wp-json\/wp\/v2\/categories?post=56714"},{"taxonomy":"post_tag","embeddable":true,"href":"https:\/\/jorgezanoni.com.br\/2019\/wp-json\/wp\/v2\/tags?post=56714"}],"curies":[{"name":"wp","href":"https:\/\/api.w.org\/{rel}","templated":true}]}}