{"id":56648,"date":"2021-11-21T19:13:29","date_gmt":"2021-11-21T19:13:29","guid":{"rendered":"https:\/\/jorgezanoni.com.br\/2019\/?p=56648"},"modified":"2021-11-21T19:13:29","modified_gmt":"2021-11-21T19:13:29","slug":"igreja-metodista-em-adamantina-76-anos-de-missao-de-evangelizacao","status":"publish","type":"post","link":"https:\/\/jorgezanoni.com.br\/2019\/igreja-metodista-em-adamantina-76-anos-de-missao-de-evangelizacao\/","title":{"rendered":"Igreja Metodista em Adamantina: &#8220;76 Anos&#8221; de Miss\u00e3o de Evangeliza\u00e7\u00e3o"},"content":{"rendered":"<p style=\"text-align: justify;\"><strong>\u201cFa\u00e7a todo o bem que puder, \/ Por todos os meios que puder, \/ De todas as maneiras que voc\u00ea pode, \/ Em todos os lugares que voc\u00ea puder, \/ Em todas as vezes que voc\u00ea puder, Para todas as pessoas que voc\u00ea puder, \/ Enquanto voc\u00ea pode sempre.\u201d (<\/strong><a href=\"https:\/\/www.pensador.com\/autor\/john_wesley\/\"><strong>John Wesley<\/strong><\/a><strong>)<\/strong><strong>\u00a0<\/strong><\/p>\n<p style=\"text-align: justify;\"><strong>S\u00e9rgio Barbosa (*)<\/strong><\/p>\n<p><img loading=\"lazy\" decoding=\"async\" class=\"alignnone size-full wp-image-56649\" src=\"https:\/\/jorgezanoni.com.br\/2019\/wp-content\/uploads\/2021\/11\/culto.jpg\" alt=\"\" width=\"906\" height=\"1280\" srcset=\"https:\/\/jorgezanoni.com.br\/2019\/wp-content\/uploads\/2021\/11\/culto.jpg 906w, https:\/\/jorgezanoni.com.br\/2019\/wp-content\/uploads\/2021\/11\/culto-212x300.jpg 212w, https:\/\/jorgezanoni.com.br\/2019\/wp-content\/uploads\/2021\/11\/culto-725x1024.jpg 725w, https:\/\/jorgezanoni.com.br\/2019\/wp-content\/uploads\/2021\/11\/culto-768x1085.jpg 768w, https:\/\/jorgezanoni.com.br\/2019\/wp-content\/uploads\/2021\/11\/culto-696x983.jpg 696w, https:\/\/jorgezanoni.com.br\/2019\/wp-content\/uploads\/2021\/11\/culto-297x420.jpg 297w\" sizes=\"auto, (max-width: 906px) 100vw, 906px\" \/> <img loading=\"lazy\" decoding=\"async\" class=\"alignnone size-full wp-image-56651\" src=\"https:\/\/jorgezanoni.com.br\/2019\/wp-content\/uploads\/2021\/11\/culto2.jpg\" alt=\"\" width=\"922\" height=\"922\" srcset=\"https:\/\/jorgezanoni.com.br\/2019\/wp-content\/uploads\/2021\/11\/culto2.jpg 922w, https:\/\/jorgezanoni.com.br\/2019\/wp-content\/uploads\/2021\/11\/culto2-300x300.jpg 300w, https:\/\/jorgezanoni.com.br\/2019\/wp-content\/uploads\/2021\/11\/culto2-150x150.jpg 150w, https:\/\/jorgezanoni.com.br\/2019\/wp-content\/uploads\/2021\/11\/culto2-768x768.jpg 768w, https:\/\/jorgezanoni.com.br\/2019\/wp-content\/uploads\/2021\/11\/culto2-696x696.jpg 696w, https:\/\/jorgezanoni.com.br\/2019\/wp-content\/uploads\/2021\/11\/culto2-420x420.jpg 420w\" sizes=\"auto, (max-width: 922px) 100vw, 922px\" \/><\/p>\n<p style=\"text-align: justify;\">Neste domingo, 21, a partir das 19h, a IGREJA METODISTA local estar\u00e1 comemorando 76 anos de presen\u00e7a hist\u00f3rica em Adamantina, portanto, mais de sete d\u00e9cadas de atividades mission\u00e1rias na comunidade local.<\/p>\n<p style=\"text-align: justify;\">Assim, registra-se que os &#8220;metodistas&#8221; chegaram junto com os pioneiros e est\u00e3o marcando presen\u00e7a nesta regi\u00e3o desde a d\u00e9cada de 50 com a vinda dos denominados desbravadores destas terras, portanto, trata-se de um fato hist\u00f3rico e deve ser comemorado com tradi\u00e7\u00e3o e respeito pelos\/as adamantinenses.<\/p>\n<p style=\"text-align: justify;\">A tradi\u00e7\u00e3o dos &#8220;Metodistas&#8221; se faz presente em n\u00edvel mundial com a marca da &#8220;cruz e da chama&#8221;, tamb\u00e9m, pelas orienta\u00e7\u00f5es doutrin\u00e1rias direcionadas para as \u00e1reas da evangeliza\u00e7\u00e3o crist\u00e3 e por meio do sistema educacional e social em diversos estados brasileiros.<\/p>\n<p style=\"text-align: justify;\">Desta forma, a IGREJA METODISTA EM ADAMANTINA faz parte desta comunidade como uma proposta diferenciada e preocupada com o &#8220;bem estar&#8221; social e religioso da cidade, haja vista que a toler\u00e2ncia com as diferentes maneiras de se pensar religi\u00e3o e outros temas, sempre fizeram e faz parte da caminhada dos Metodistas nesta comunidade.<\/p>\n<p style=\"text-align: justify;\">Para o pastor local, JO\u00c3O FRANCISCO RICARDO BAPTISTA que se encontra faz tr\u00eas anos pastoreando a IGREJA, afirma que &#8221; o m\u00eas de novembro \u00e9 mais do que especial para os membros da Igreja, bem como, para os Adamantinenses com a presen\u00e7a deste povo chamado de &#8220;Metodistas\u201d.<\/p>\n<p style=\"text-align: justify;\">Portanto, trata-se de uma \u201cfestividade\u201d que deve ser comunit\u00e1ria para que todos\/as possam participar desta CELEBRA\u00c7\u00c3O de F\u00c9 e COMPROMISSO com a causa crist\u00e3 neste tempo novo tempo que se chama hoje.<\/p>\n<p style=\"text-align: justify;\">Deve-se registrar que a IGREJA METODISTA tem in\u00edcio na Inglaterra por meio do MOVIMENTO METODISTA sob a coordena\u00e7\u00e3o de JOHN WESLEY com atividades diversas na \u00e1rea social, religiosa e educacional.<\/p>\n<p style=\"text-align: justify;\">Assim, ainda hoje os METODISTAS marcam presen\u00e7a nestas \u00e1reas distintas, por\u00e9m, est\u00e3o conectadas e de acordo com os objetivos WESLEYANOS do fundador e dos\/as seguidores\/as em n\u00edvel mundial.<\/p>\n<p style=\"text-align: justify;\">Neste contexto plural e propagado desde a chegada em ADAMANTINA na d\u00e9cada de 50, a IGREJA METODISTA convida todos\/as para participarem das atividades comemorativas neste DOMINGO, 21 no TEMPLO LOCAL, a partir das 19h.<\/p>\n<p style=\"text-align: justify;\"><strong><em>_________________________<\/em><\/strong><\/p>\n<p style=\"text-align: justify;\"><strong><em>(*) jornalista diplomado e professor universit\u00e1rio.<\/em><\/strong><\/p>\n<p style=\"text-align: justify;\"><strong><em>e-mail&gt; barbosa.sebar@gmail.com<\/em><\/strong><\/p>\n","protected":false},"excerpt":{"rendered":"<p>\u201cFa\u00e7a todo o bem que puder, \/ Por todos os meios que puder, \/ De todas as maneiras que voc\u00ea pode, \/ Em todos os lugares que voc\u00ea puder, \/ Em todas as vezes que voc\u00ea puder, Para todas as pessoas que voc\u00ea puder, \/ Enquanto voc\u00ea pode sempre.\u201d (John Wesley)\u00a0 S\u00e9rgio Barbosa (*) Neste [&hellip;]<\/p>\n","protected":false},"author":1,"featured_media":56650,"comment_status":"closed","ping_status":"open","sticky":false,"template":"","format":"standard","meta":{"footnotes":""},"categories":[110,118],"tags":[],"class_list":["post-56648","post","type-post","status-publish","format-standard","has-post-thumbnail","hentry","category-noticiasdestaque","category-religiaoesolidariedade"],"_links":{"self":[{"href":"https:\/\/jorgezanoni.com.br\/2019\/wp-json\/wp\/v2\/posts\/56648","targetHints":{"allow":["GET"]}}],"collection":[{"href":"https:\/\/jorgezanoni.com.br\/2019\/wp-json\/wp\/v2\/posts"}],"about":[{"href":"https:\/\/jorgezanoni.com.br\/2019\/wp-json\/wp\/v2\/types\/post"}],"author":[{"embeddable":true,"href":"https:\/\/jorgezanoni.com.br\/2019\/wp-json\/wp\/v2\/users\/1"}],"replies":[{"embeddable":true,"href":"https:\/\/jorgezanoni.com.br\/2019\/wp-json\/wp\/v2\/comments?post=56648"}],"version-history":[{"count":0,"href":"https:\/\/jorgezanoni.com.br\/2019\/wp-json\/wp\/v2\/posts\/56648\/revisions"}],"wp:featuredmedia":[{"embeddable":true,"href":"https:\/\/jorgezanoni.com.br\/2019\/wp-json\/wp\/v2\/media\/56650"}],"wp:attachment":[{"href":"https:\/\/jorgezanoni.com.br\/2019\/wp-json\/wp\/v2\/media?parent=56648"}],"wp:term":[{"taxonomy":"category","embeddable":true,"href":"https:\/\/jorgezanoni.com.br\/2019\/wp-json\/wp\/v2\/categories?post=56648"},{"taxonomy":"post_tag","embeddable":true,"href":"https:\/\/jorgezanoni.com.br\/2019\/wp-json\/wp\/v2\/tags?post=56648"}],"curies":[{"name":"wp","href":"https:\/\/api.w.org\/{rel}","templated":true}]}}