{"id":56642,"date":"2021-11-21T18:33:54","date_gmt":"2021-11-21T18:33:54","guid":{"rendered":"https:\/\/jorgezanoni.com.br\/2019\/?p=56642"},"modified":"2021-11-21T18:33:54","modified_gmt":"2021-11-21T18:33:54","slug":"advogado-dracenense-que-mora-em-sc-atuara-em-juri-polemico-no-es","status":"publish","type":"post","link":"https:\/\/jorgezanoni.com.br\/2019\/advogado-dracenense-que-mora-em-sc-atuara-em-juri-polemico-no-es\/","title":{"rendered":"Advogado dracenense que mora em SC atuar\u00e1 em J\u00fari Pol\u00eamico no ES"},"content":{"rendered":"<p style=\"text-align: justify;\">O Portal de Not\u00edcias www.jorgezanoni.com.br entrou em contato com o advogado dracenense Marco Antonio Vasconcelos Alencar Junior que reside h\u00e1 v\u00e1rios anos no Estado de Santa Catarina ap\u00f3s tomar conhecimento de que referido advogado estava no Estado do Esp\u00edrito Santo para trabalhar num pol\u00eamico caso de tentativa de homic\u00eddio na cidade de Domingos Martins\/ES.<\/p>\n<p style=\"text-align: justify;\">Ap\u00f3s o contato, Alencar narrou que fora constitu\u00eddo para trabalhar num julgamento perante o Tribunal do J\u00fari daquela Comarca na companhia do Dr. Anderson Fedatto Ferreira da Silva, seu colega de escrit\u00f3rio, e Dr. Osmar Macedo, este \u00faltimo da cidade de Chapec\u00f3.<\/p>\n<p style=\"text-align: justify;\"><strong>O caso:<\/strong><br \/>\nSegundo Alencar, o seu cliente vai ser submetido ao julgamento perante o Tribunal do J\u00fari porque interveio em uma discuss\u00e3o que acontecia entre sua companheira e sua enteada, em raz\u00e3o desta \u00faltima ter agredido verbalmente a m\u00e3e porque est\u00e1 tinha colado cebola no tempero do arroz.<\/p>\n<p style=\"text-align: justify;\">O acusado, ap\u00f3s intervir na discuss\u00e3o e chamar a aten\u00e7\u00e3o da enteada falando para respeitar a sua m\u00e3e, acabou sendo agredido com um tapa no rosto desferido pela enteada, o que acabou por resultar em uma briga entre ambos, na qual a enteada foi atingida por um golpe de fac\u00e3o na cabe\u00e7a, que resultou uma les\u00e3o superficial.<\/p>\n<p style=\"text-align: justify;\">O fato ocorreu em mar\u00e7o de 2016 na pacata cidade tur\u00edstica de Domingos Martins\/ES, numa ocasi\u00e3o em que a v\u00edtima veio visitar sua m\u00e3e.<\/p>\n<p style=\"text-align: justify;\">O Julgamento era para ter acontecido no m\u00eas de mar\u00e7o de 2020, mas em raz\u00e3o da pandemia, acabou sendo adiado e ocorrer\u00e1 nesta ter\u00e7a feira (23\/11).<\/p>\n<p style=\"text-align: justify;\">O caso trouxe grande repercuss\u00e3o no Estado do Esp\u00edrito Santo \u00e0 \u00e9poca em raz\u00e3o da import\u00e2ncia tur\u00edstica da cidade de Domingos Martins\/ES, que est\u00e1 situada a aproximadamente 42 km da capital Vit\u00f3ria\/ES.<\/p>\n<p><img loading=\"lazy\" decoding=\"async\" class=\"alignnone size-full wp-image-56643\" src=\"https:\/\/jorgezanoni.com.br\/2019\/wp-content\/uploads\/2021\/11\/paca.jpg\" alt=\"\" width=\"1600\" height=\"1200\" srcset=\"https:\/\/jorgezanoni.com.br\/2019\/wp-content\/uploads\/2021\/11\/paca.jpg 1600w, https:\/\/jorgezanoni.com.br\/2019\/wp-content\/uploads\/2021\/11\/paca-300x225.jpg 300w, https:\/\/jorgezanoni.com.br\/2019\/wp-content\/uploads\/2021\/11\/paca-1024x768.jpg 1024w, https:\/\/jorgezanoni.com.br\/2019\/wp-content\/uploads\/2021\/11\/paca-768x576.jpg 768w, https:\/\/jorgezanoni.com.br\/2019\/wp-content\/uploads\/2021\/11\/paca-1536x1152.jpg 1536w, https:\/\/jorgezanoni.com.br\/2019\/wp-content\/uploads\/2021\/11\/paca-80x60.jpg 80w, https:\/\/jorgezanoni.com.br\/2019\/wp-content\/uploads\/2021\/11\/paca-265x198.jpg 265w, https:\/\/jorgezanoni.com.br\/2019\/wp-content\/uploads\/2021\/11\/paca-696x522.jpg 696w, https:\/\/jorgezanoni.com.br\/2019\/wp-content\/uploads\/2021\/11\/paca-1068x801.jpg 1068w, https:\/\/jorgezanoni.com.br\/2019\/wp-content\/uploads\/2021\/11\/paca-560x420.jpg 560w\" sizes=\"auto, (max-width: 1600px) 100vw, 1600px\" \/> <img loading=\"lazy\" decoding=\"async\" class=\"alignnone size-full wp-image-56644\" src=\"https:\/\/jorgezanoni.com.br\/2019\/wp-content\/uploads\/2021\/11\/paca1.jpg\" alt=\"\" width=\"853\" height=\"1280\" srcset=\"https:\/\/jorgezanoni.com.br\/2019\/wp-content\/uploads\/2021\/11\/paca1.jpg 853w, https:\/\/jorgezanoni.com.br\/2019\/wp-content\/uploads\/2021\/11\/paca1-200x300.jpg 200w, https:\/\/jorgezanoni.com.br\/2019\/wp-content\/uploads\/2021\/11\/paca1-682x1024.jpg 682w, https:\/\/jorgezanoni.com.br\/2019\/wp-content\/uploads\/2021\/11\/paca1-768x1152.jpg 768w, https:\/\/jorgezanoni.com.br\/2019\/wp-content\/uploads\/2021\/11\/paca1-696x1044.jpg 696w, https:\/\/jorgezanoni.com.br\/2019\/wp-content\/uploads\/2021\/11\/paca1-280x420.jpg 280w\" sizes=\"auto, (max-width: 853px) 100vw, 853px\" \/> <img loading=\"lazy\" decoding=\"async\" class=\"alignnone size-full wp-image-56646\" src=\"https:\/\/jorgezanoni.com.br\/2019\/wp-content\/uploads\/2021\/11\/paca3.jpg\" alt=\"\" width=\"1024\" height=\"1004\" srcset=\"https:\/\/jorgezanoni.com.br\/2019\/wp-content\/uploads\/2021\/11\/paca3.jpg 1024w, https:\/\/jorgezanoni.com.br\/2019\/wp-content\/uploads\/2021\/11\/paca3-300x294.jpg 300w, https:\/\/jorgezanoni.com.br\/2019\/wp-content\/uploads\/2021\/11\/paca3-768x753.jpg 768w, https:\/\/jorgezanoni.com.br\/2019\/wp-content\/uploads\/2021\/11\/paca3-696x682.jpg 696w, https:\/\/jorgezanoni.com.br\/2019\/wp-content\/uploads\/2021\/11\/paca3-428x420.jpg 428w\" sizes=\"auto, (max-width: 1024px) 100vw, 1024px\" \/><\/p>\n<p style=\"text-align: justify;\">https:\/\/www.instagram.com\/reel\/CWgj39Ppv6k\/?utm_medium=copy_link<\/p>\n<p>&nbsp;<\/p>\n","protected":false},"excerpt":{"rendered":"<p>O Portal de Not\u00edcias www.jorgezanoni.com.br entrou em contato com o advogado dracenense Marco Antonio Vasconcelos Alencar Junior que reside h\u00e1 v\u00e1rios anos no Estado de Santa Catarina ap\u00f3s tomar conhecimento de que referido advogado estava no Estado do Esp\u00edrito Santo para trabalhar num pol\u00eamico caso de tentativa de homic\u00eddio na cidade de Domingos Martins\/ES. Ap\u00f3s [&hellip;]<\/p>\n","protected":false},"author":1,"featured_media":56645,"comment_status":"closed","ping_status":"open","sticky":false,"template":"","format":"standard","meta":{"footnotes":""},"categories":[120,110],"tags":[],"class_list":["post-56642","post","type-post","status-publish","format-standard","has-post-thumbnail","hentry","category-justicahabitacaotecnologia","category-noticiasdestaque"],"_links":{"self":[{"href":"https:\/\/jorgezanoni.com.br\/2019\/wp-json\/wp\/v2\/posts\/56642","targetHints":{"allow":["GET"]}}],"collection":[{"href":"https:\/\/jorgezanoni.com.br\/2019\/wp-json\/wp\/v2\/posts"}],"about":[{"href":"https:\/\/jorgezanoni.com.br\/2019\/wp-json\/wp\/v2\/types\/post"}],"author":[{"embeddable":true,"href":"https:\/\/jorgezanoni.com.br\/2019\/wp-json\/wp\/v2\/users\/1"}],"replies":[{"embeddable":true,"href":"https:\/\/jorgezanoni.com.br\/2019\/wp-json\/wp\/v2\/comments?post=56642"}],"version-history":[{"count":0,"href":"https:\/\/jorgezanoni.com.br\/2019\/wp-json\/wp\/v2\/posts\/56642\/revisions"}],"wp:featuredmedia":[{"embeddable":true,"href":"https:\/\/jorgezanoni.com.br\/2019\/wp-json\/wp\/v2\/media\/56645"}],"wp:attachment":[{"href":"https:\/\/jorgezanoni.com.br\/2019\/wp-json\/wp\/v2\/media?parent=56642"}],"wp:term":[{"taxonomy":"category","embeddable":true,"href":"https:\/\/jorgezanoni.com.br\/2019\/wp-json\/wp\/v2\/categories?post=56642"},{"taxonomy":"post_tag","embeddable":true,"href":"https:\/\/jorgezanoni.com.br\/2019\/wp-json\/wp\/v2\/tags?post=56642"}],"curies":[{"name":"wp","href":"https:\/\/api.w.org\/{rel}","templated":true}]}}