{"id":56619,"date":"2021-11-21T15:13:02","date_gmt":"2021-11-21T15:13:02","guid":{"rendered":"https:\/\/jorgezanoni.com.br\/2019\/?p=56619"},"modified":"2021-11-21T15:13:21","modified_gmt":"2021-11-21T15:13:21","slug":"diaconos-foram-ordenados-na-igrena-matriz-nossa-senhora-aparecida-de-dracena","status":"publish","type":"post","link":"https:\/\/jorgezanoni.com.br\/2019\/diaconos-foram-ordenados-na-igrena-matriz-nossa-senhora-aparecida-de-dracena\/","title":{"rendered":"Di\u00e1conos foram ordenados na Igreja Matriz Nossa Senhora Aparecida de Dracena"},"content":{"rendered":"<p style=\"text-align: justify;\">A ordena\u00e7\u00e3o de seis di\u00e1conos permanentes ocorreu neste s\u00e1bado (20) na Igreja Matriz de Dracena, com a presen\u00e7a do bispo Luiz Antonio Cipolini. Os di\u00e1conos s\u00e3o: Dorival Nogueira Santana (Junqueir\u00f3polis), Jos\u00e9 Al\u00edpio Pereira (Fl\u00f3rida Paulista), Luiz Antonio Possari, Jos\u00e9 Antonio Cruz, Nivaldo Aparecido Mota e Rodrigo Nascimento Ribeiro (Dracena). No total, a Diocese de Mar\u00edlia passa a contar com 32 di\u00e1conos.<\/p>\n<p style=\"text-align: justify;\">Foto: Cl\u00e1udio Jos\u00e9 Pasqualeto\/Bastidores da Not\u00edcia<\/p>\n","protected":false},"excerpt":{"rendered":"<p>A ordena\u00e7\u00e3o de seis di\u00e1conos permanentes ocorreu neste s\u00e1bado (20) na Igreja Matriz de Dracena, com a presen\u00e7a do bispo Luiz Antonio Cipolini. Os di\u00e1conos s\u00e3o: Dorival Nogueira Santana (Junqueir\u00f3polis), Jos\u00e9 Al\u00edpio Pereira (Fl\u00f3rida Paulista), Luiz Antonio Possari, Jos\u00e9 Antonio Cruz, Nivaldo Aparecido Mota e Rodrigo Nascimento Ribeiro (Dracena). No total, a Diocese de Mar\u00edlia [&hellip;]<\/p>\n","protected":false},"author":1,"featured_media":56620,"comment_status":"closed","ping_status":"open","sticky":false,"template":"","format":"standard","meta":{"footnotes":""},"categories":[110,118],"tags":[],"class_list":["post-56619","post","type-post","status-publish","format-standard","has-post-thumbnail","hentry","category-noticiasdestaque","category-religiaoesolidariedade"],"_links":{"self":[{"href":"https:\/\/jorgezanoni.com.br\/2019\/wp-json\/wp\/v2\/posts\/56619","targetHints":{"allow":["GET"]}}],"collection":[{"href":"https:\/\/jorgezanoni.com.br\/2019\/wp-json\/wp\/v2\/posts"}],"about":[{"href":"https:\/\/jorgezanoni.com.br\/2019\/wp-json\/wp\/v2\/types\/post"}],"author":[{"embeddable":true,"href":"https:\/\/jorgezanoni.com.br\/2019\/wp-json\/wp\/v2\/users\/1"}],"replies":[{"embeddable":true,"href":"https:\/\/jorgezanoni.com.br\/2019\/wp-json\/wp\/v2\/comments?post=56619"}],"version-history":[{"count":0,"href":"https:\/\/jorgezanoni.com.br\/2019\/wp-json\/wp\/v2\/posts\/56619\/revisions"}],"wp:featuredmedia":[{"embeddable":true,"href":"https:\/\/jorgezanoni.com.br\/2019\/wp-json\/wp\/v2\/media\/56620"}],"wp:attachment":[{"href":"https:\/\/jorgezanoni.com.br\/2019\/wp-json\/wp\/v2\/media?parent=56619"}],"wp:term":[{"taxonomy":"category","embeddable":true,"href":"https:\/\/jorgezanoni.com.br\/2019\/wp-json\/wp\/v2\/categories?post=56619"},{"taxonomy":"post_tag","embeddable":true,"href":"https:\/\/jorgezanoni.com.br\/2019\/wp-json\/wp\/v2\/tags?post=56619"}],"curies":[{"name":"wp","href":"https:\/\/api.w.org\/{rel}","templated":true}]}}