{"id":56579,"date":"2021-11-20T16:33:04","date_gmt":"2021-11-20T16:33:04","guid":{"rendered":"https:\/\/jorgezanoni.com.br\/2019\/?p=56579"},"modified":"2021-11-20T16:34:02","modified_gmt":"2021-11-20T16:34:02","slug":"convite-para-missa-de-7o-dia-de-falecimento","status":"publish","type":"post","link":"https:\/\/jorgezanoni.com.br\/2019\/convite-para-missa-de-7o-dia-de-falecimento\/","title":{"rendered":"Convite para Missa de 7\u00ba Dia de Falecimento"},"content":{"rendered":"<p style=\"text-align: justify;\">A fam\u00edlia de H\u00e1lef Bechuate Galetti, convida parentes e amigos, para a Missa de 7\u00ba Dia de seu falecimento, que ser\u00e1 rezada neste domingo (21), \u00e0s 19:00 Horas, na Igreja Matriz Nossa Senhora Aparecida de Dracena.<\/p>\n<div class=\"o9v6fnle cxmmr5t8 oygrvhab hcukyx3x c1et5uql ii04i59q\">\n<div dir=\"auto\" style=\"text-align: justify;\">Por este ato de F\u00e9, a fam\u00edlia antecipadamente agradece, a todos que comparecerem.<\/div>\n<\/div>\n","protected":false},"excerpt":{"rendered":"<p>A fam\u00edlia de H\u00e1lef Bechuate Galetti, convida parentes e amigos, para a Missa de 7\u00ba Dia de seu falecimento, que ser\u00e1 rezada neste domingo (21), \u00e0s 19:00 Horas, na Igreja Matriz Nossa Senhora Aparecida de Dracena. Por este ato de F\u00e9, a fam\u00edlia antecipadamente agradece, a todos que comparecerem.<\/p>\n","protected":false},"author":1,"featured_media":56580,"comment_status":"closed","ping_status":"open","sticky":false,"template":"","format":"standard","meta":{"footnotes":""},"categories":[178],"tags":[],"class_list":["post-56579","post","type-post","status-publish","format-standard","has-post-thumbnail","hentry","category-notadefalecimento"],"_links":{"self":[{"href":"https:\/\/jorgezanoni.com.br\/2019\/wp-json\/wp\/v2\/posts\/56579","targetHints":{"allow":["GET"]}}],"collection":[{"href":"https:\/\/jorgezanoni.com.br\/2019\/wp-json\/wp\/v2\/posts"}],"about":[{"href":"https:\/\/jorgezanoni.com.br\/2019\/wp-json\/wp\/v2\/types\/post"}],"author":[{"embeddable":true,"href":"https:\/\/jorgezanoni.com.br\/2019\/wp-json\/wp\/v2\/users\/1"}],"replies":[{"embeddable":true,"href":"https:\/\/jorgezanoni.com.br\/2019\/wp-json\/wp\/v2\/comments?post=56579"}],"version-history":[{"count":0,"href":"https:\/\/jorgezanoni.com.br\/2019\/wp-json\/wp\/v2\/posts\/56579\/revisions"}],"wp:featuredmedia":[{"embeddable":true,"href":"https:\/\/jorgezanoni.com.br\/2019\/wp-json\/wp\/v2\/media\/56580"}],"wp:attachment":[{"href":"https:\/\/jorgezanoni.com.br\/2019\/wp-json\/wp\/v2\/media?parent=56579"}],"wp:term":[{"taxonomy":"category","embeddable":true,"href":"https:\/\/jorgezanoni.com.br\/2019\/wp-json\/wp\/v2\/categories?post=56579"},{"taxonomy":"post_tag","embeddable":true,"href":"https:\/\/jorgezanoni.com.br\/2019\/wp-json\/wp\/v2\/tags?post=56579"}],"curies":[{"name":"wp","href":"https:\/\/api.w.org\/{rel}","templated":true}]}}