{"id":56571,"date":"2021-11-20T16:07:43","date_gmt":"2021-11-20T16:07:43","guid":{"rendered":"https:\/\/jorgezanoni.com.br\/2019\/?p=56571"},"modified":"2021-11-20T16:07:43","modified_gmt":"2021-11-20T16:07:43","slug":"crianca-de-5-anos-fica-ferida-apos-troca-de-tiros-durante-perseguicao-policial-em-dracena","status":"publish","type":"post","link":"https:\/\/jorgezanoni.com.br\/2019\/crianca-de-5-anos-fica-ferida-apos-troca-de-tiros-durante-perseguicao-policial-em-dracena\/","title":{"rendered":"Crian\u00e7a de 5 anos fica ferida ap\u00f3s troca de tiros durante persegui\u00e7\u00e3o policial em Dracena"},"content":{"rendered":"<h2 class=\"content-head__subtitle\" style=\"text-align: justify;\"><strong>Opera\u00e7\u00e3o foi feita para localizar um suspeito de ter envolvimento com o tr\u00e1fico de drogas. Um casal foi preso<\/strong>.<\/h2>\n<div class=\"mc-column content-text active-extra-styles active-capital-letter\" style=\"text-align: justify;\" data-block-type=\"unstyled\" data-block-weight=\"28\" data-block-id=\"1\">\n<p class=\"content-text__container theme-color-primary-first-letter\" data-track-category=\"Link no Texto\" data-track-links=\"\">Um casal foi preso e uma crian\u00e7a ficou ferida ap\u00f3s ser baleada durante uma persegui\u00e7\u00e3o policial, quando houve troca de tiros, nesta sexta-feira (19), em<a href=\"https:\/\/g1.globo.com\/sp\/presidente-prudente-regiao\/cidade\/dracena\/\">\u00a0Dracena (SP)<\/a>.<\/p>\n<\/div>\n<div class=\"wall protected-content\">\n<div class=\"mc-column content-text active-extra-styles \" style=\"text-align: justify;\" data-block-type=\"unstyled\" data-block-weight=\"36\" data-block-id=\"2\">\n<p class=\"content-text__container \" data-track-category=\"Link no Texto\" data-track-links=\"\">De acordo com o delegado da Pol\u00edcia Civil, Mauro Chiyoda, foi feita uma opera\u00e7\u00e3o para localizar um suspeito de tr\u00e1fico de drogas e na abordagem ao carro dele, o homem teria tentado atropelar o policial civil.<\/p>\n<\/div>\n<div class=\"mc-column content-text active-extra-styles \" style=\"text-align: justify;\" data-block-type=\"unstyled\" data-block-weight=\"37\" data-block-id=\"3\">\n<p class=\"content-text__container \" data-track-category=\"Link no Texto\" data-track-links=\"\">Depois disso, come\u00e7ou a persegui\u00e7\u00e3o, quando foram feitos disparos. Logo em seguida, o ve\u00edculo parou e uma mulher avisou que uma crian\u00e7a de 5 anos foi ferida. A v\u00edtima foi socorrida para a Santa Casa da cidade.<\/p>\n<\/div>\n<div class=\"mc-column content-text active-extra-styles \" style=\"text-align: justify;\" data-block-type=\"unstyled\" data-block-weight=\"22\" data-block-id=\"4\">\n<p class=\"content-text__container \" data-track-category=\"Link no Texto\" data-track-links=\"\">Ainda segundo a pol\u00edcia, numa bolsa encontrada no ve\u00edculo, foram localizados dois tijolos de maconha, uma arma de fogo e dois celulares.<\/p>\n<\/div>\n<div class=\"mc-column content-text active-extra-styles \" style=\"text-align: justify;\" data-block-type=\"unstyled\" data-block-weight=\"11\" data-block-id=\"5\">\n<p class=\"content-text__container \" data-track-category=\"Link no Texto\" data-track-links=\"\">O homem e a mulher que estavam no ve\u00edculo foram presos.<\/p>\n<\/div>\n<div class=\"mc-column content-text active-extra-styles \" data-block-type=\"unstyled\" data-block-weight=\"47\" data-block-id=\"6\">\n<p class=\"content-text__container \" style=\"text-align: justify;\" data-track-category=\"Link no Texto\" data-track-links=\"\">De acordo com a diretoria cl\u00ednica da Santa Casa de Dracena, a crian\u00e7a foi atingida com tr\u00eas tiros, sendo um na perna, um no bra\u00e7o e um na barriga. Ela foi submetida a um procedimento cir\u00fargico e se recupera na enfermaria do hospital, sob responsabilidade da fam\u00edlia.<\/p>\n<p style=\"text-align: justify;\" data-track-category=\"Link no Texto\" data-track-links=\"\">Fonte: G1<\/p>\n<p style=\"text-align: justify;\" data-track-category=\"Link no Texto\" data-track-links=\"\">NOTA: O Site JZ foi o \u00fanico \u00f3rg\u00e3o de imprensa presente no local da abordagem do ve\u00edculo Chevrolet Monza Verde placas de Dracena, que se deu na esquina das Ruas Ipiranga com Miguel do Nascimento, bem atr\u00e1s da Santa Casa de Dracena. Veja V\u00eddeo ao Vivo na P\u00e1gina: https:\/\/www.facebook.com\/jorgezanonidracena<\/p>\n<p data-track-category=\"Link no Texto\" data-track-links=\"\"><img loading=\"lazy\" decoding=\"async\" class=\"alignnone size-full wp-image-56572\" src=\"https:\/\/jorgezanoni.com.br\/2019\/wp-content\/uploads\/2021\/11\/IMG_1650.jpg\" alt=\"\" width=\"800\" height=\"600\" srcset=\"https:\/\/jorgezanoni.com.br\/2019\/wp-content\/uploads\/2021\/11\/IMG_1650.jpg 800w, https:\/\/jorgezanoni.com.br\/2019\/wp-content\/uploads\/2021\/11\/IMG_1650-300x225.jpg 300w, https:\/\/jorgezanoni.com.br\/2019\/wp-content\/uploads\/2021\/11\/IMG_1650-768x576.jpg 768w, https:\/\/jorgezanoni.com.br\/2019\/wp-content\/uploads\/2021\/11\/IMG_1650-80x60.jpg 80w, https:\/\/jorgezanoni.com.br\/2019\/wp-content\/uploads\/2021\/11\/IMG_1650-265x198.jpg 265w, https:\/\/jorgezanoni.com.br\/2019\/wp-content\/uploads\/2021\/11\/IMG_1650-696x522.jpg 696w, https:\/\/jorgezanoni.com.br\/2019\/wp-content\/uploads\/2021\/11\/IMG_1650-560x420.jpg 560w\" sizes=\"auto, (max-width: 800px) 100vw, 800px\" \/> <img loading=\"lazy\" decoding=\"async\" class=\"alignnone size-full wp-image-56574\" src=\"https:\/\/jorgezanoni.com.br\/2019\/wp-content\/uploads\/2021\/11\/IMG_1652-2.jpg\" alt=\"\" width=\"588\" height=\"394\" srcset=\"https:\/\/jorgezanoni.com.br\/2019\/wp-content\/uploads\/2021\/11\/IMG_1652-2.jpg 588w, https:\/\/jorgezanoni.com.br\/2019\/wp-content\/uploads\/2021\/11\/IMG_1652-2-300x201.jpg 300w\" sizes=\"auto, (max-width: 588px) 100vw, 588px\" \/> <img loading=\"lazy\" decoding=\"async\" class=\"alignnone size-full wp-image-56575\" src=\"https:\/\/jorgezanoni.com.br\/2019\/wp-content\/uploads\/2021\/11\/Tiro-2.jpg\" alt=\"\" width=\"294\" height=\"237\" \/> <img loading=\"lazy\" decoding=\"async\" class=\"alignnone size-full wp-image-56576\" src=\"https:\/\/jorgezanoni.com.br\/2019\/wp-content\/uploads\/2021\/11\/Tiro1-2.jpg\" alt=\"\" width=\"386\" height=\"324\" srcset=\"https:\/\/jorgezanoni.com.br\/2019\/wp-content\/uploads\/2021\/11\/Tiro1-2.jpg 386w, https:\/\/jorgezanoni.com.br\/2019\/wp-content\/uploads\/2021\/11\/Tiro1-2-300x252.jpg 300w\" sizes=\"auto, (max-width: 386px) 100vw, 386px\" \/><\/p>\n<p data-track-category=\"Link no Texto\" data-track-links=\"\">Fotos Jorge Zanoni e Internauta<\/p>\n<\/div>\n<\/div>\n","protected":false},"excerpt":{"rendered":"<p>Opera\u00e7\u00e3o foi feita para localizar um suspeito de ter envolvimento com o tr\u00e1fico de drogas. Um casal foi preso. Um casal foi preso e uma crian\u00e7a ficou ferida ap\u00f3s ser baleada durante uma persegui\u00e7\u00e3o policial, quando houve troca de tiros, nesta sexta-feira (19), em\u00a0Dracena (SP). De acordo com o delegado da Pol\u00edcia Civil, Mauro Chiyoda, [&hellip;]<\/p>\n","protected":false},"author":1,"featured_media":56577,"comment_status":"closed","ping_status":"open","sticky":false,"template":"","format":"standard","meta":{"footnotes":""},"categories":[110,2],"tags":[],"class_list":["post-56571","post","type-post","status-publish","format-standard","has-post-thumbnail","hentry","category-noticiasdestaque","category-policial"],"_links":{"self":[{"href":"https:\/\/jorgezanoni.com.br\/2019\/wp-json\/wp\/v2\/posts\/56571","targetHints":{"allow":["GET"]}}],"collection":[{"href":"https:\/\/jorgezanoni.com.br\/2019\/wp-json\/wp\/v2\/posts"}],"about":[{"href":"https:\/\/jorgezanoni.com.br\/2019\/wp-json\/wp\/v2\/types\/post"}],"author":[{"embeddable":true,"href":"https:\/\/jorgezanoni.com.br\/2019\/wp-json\/wp\/v2\/users\/1"}],"replies":[{"embeddable":true,"href":"https:\/\/jorgezanoni.com.br\/2019\/wp-json\/wp\/v2\/comments?post=56571"}],"version-history":[{"count":0,"href":"https:\/\/jorgezanoni.com.br\/2019\/wp-json\/wp\/v2\/posts\/56571\/revisions"}],"wp:featuredmedia":[{"embeddable":true,"href":"https:\/\/jorgezanoni.com.br\/2019\/wp-json\/wp\/v2\/media\/56577"}],"wp:attachment":[{"href":"https:\/\/jorgezanoni.com.br\/2019\/wp-json\/wp\/v2\/media?parent=56571"}],"wp:term":[{"taxonomy":"category","embeddable":true,"href":"https:\/\/jorgezanoni.com.br\/2019\/wp-json\/wp\/v2\/categories?post=56571"},{"taxonomy":"post_tag","embeddable":true,"href":"https:\/\/jorgezanoni.com.br\/2019\/wp-json\/wp\/v2\/tags?post=56571"}],"curies":[{"name":"wp","href":"https:\/\/api.w.org\/{rel}","templated":true}]}}