{"id":56557,"date":"2021-11-20T02:44:29","date_gmt":"2021-11-20T02:44:29","guid":{"rendered":"https:\/\/jorgezanoni.com.br\/2019\/?p=56557"},"modified":"2021-11-20T02:45:07","modified_gmt":"2021-11-20T02:45:07","slug":"19-de-novembro-25o-bpm-i-faz-ato-em-alusao-ao-dia-da-bandeira","status":"publish","type":"post","link":"https:\/\/jorgezanoni.com.br\/2019\/19-de-novembro-25o-bpm-i-faz-ato-em-alusao-ao-dia-da-bandeira\/","title":{"rendered":"19 de Novembro: 25\u00ba BPM\/I faz ato em alus\u00e3o ao Dia da Bandeira"},"content":{"rendered":"<p><strong>19 DE NOVEMBRO: 25\u00ba BPM\/I FAZ ATO EM ALUS\u00c3O AO DIA DA BANDEIRA<\/strong><\/p>\n<p>Na data de hoje (19) de novembro, policiais militares do 25\u00ba BPM\/I fizeram ato em alus\u00e3o ao Dia da Bandeira comemorado hoje.<br \/>\nFoi realizada a leitura do Ordem do dia, com uma mensagem do Comandante Geral da Pol\u00edcia Militar Cel PM Fernando Alencar Medeiros,que foi lida pelo Capit\u00e3o PM Eder Mazzini Bressan, em um dos trechos da Nota cita sobre o nosso patriotismo e orgulho pela Na\u00e7\u00e3o Brasileira quando reverenciamos o Pavilh\u00e3o Nacional, s\u00edmbolo nacional mais conhecido e que foi criado logo ap\u00f3s a Proclama\u00e7\u00e3o da Rep\u00fablica.<br \/>\n\u201c&#8230;ao reverenciarmos o Pavilh\u00e3o Nacional, declaramos nosso patriotismo e expressamos nosso orgulho e respeito pela Na\u00e7\u00e3o Brasileira&#8230;\u201d<\/p>\n<p><img loading=\"lazy\" decoding=\"async\" class=\"alignnone size-full wp-image-56558\" src=\"https:\/\/jorgezanoni.com.br\/2019\/wp-content\/uploads\/2021\/11\/ban.jpg\" alt=\"\" width=\"1280\" height=\"576\" srcset=\"https:\/\/jorgezanoni.com.br\/2019\/wp-content\/uploads\/2021\/11\/ban.jpg 1280w, https:\/\/jorgezanoni.com.br\/2019\/wp-content\/uploads\/2021\/11\/ban-300x135.jpg 300w, https:\/\/jorgezanoni.com.br\/2019\/wp-content\/uploads\/2021\/11\/ban-1024x461.jpg 1024w, https:\/\/jorgezanoni.com.br\/2019\/wp-content\/uploads\/2021\/11\/ban-768x346.jpg 768w, https:\/\/jorgezanoni.com.br\/2019\/wp-content\/uploads\/2021\/11\/ban-696x313.jpg 696w, https:\/\/jorgezanoni.com.br\/2019\/wp-content\/uploads\/2021\/11\/ban-1068x481.jpg 1068w, https:\/\/jorgezanoni.com.br\/2019\/wp-content\/uploads\/2021\/11\/ban-933x420.jpg 933w\" sizes=\"auto, (max-width: 1280px) 100vw, 1280px\" \/> <img loading=\"lazy\" decoding=\"async\" class=\"alignnone size-full wp-image-56559\" src=\"https:\/\/jorgezanoni.com.br\/2019\/wp-content\/uploads\/2021\/11\/ban1.jpg\" alt=\"\" width=\"1280\" height=\"576\" srcset=\"https:\/\/jorgezanoni.com.br\/2019\/wp-content\/uploads\/2021\/11\/ban1.jpg 1280w, https:\/\/jorgezanoni.com.br\/2019\/wp-content\/uploads\/2021\/11\/ban1-300x135.jpg 300w, https:\/\/jorgezanoni.com.br\/2019\/wp-content\/uploads\/2021\/11\/ban1-1024x461.jpg 1024w, https:\/\/jorgezanoni.com.br\/2019\/wp-content\/uploads\/2021\/11\/ban1-768x346.jpg 768w, https:\/\/jorgezanoni.com.br\/2019\/wp-content\/uploads\/2021\/11\/ban1-696x313.jpg 696w, https:\/\/jorgezanoni.com.br\/2019\/wp-content\/uploads\/2021\/11\/ban1-1068x481.jpg 1068w, https:\/\/jorgezanoni.com.br\/2019\/wp-content\/uploads\/2021\/11\/ban1-933x420.jpg 933w\" sizes=\"auto, (max-width: 1280px) 100vw, 1280px\" \/> <img loading=\"lazy\" decoding=\"async\" class=\"alignnone size-full wp-image-56560\" src=\"https:\/\/jorgezanoni.com.br\/2019\/wp-content\/uploads\/2021\/11\/ban2.jpg\" alt=\"\" width=\"576\" height=\"1280\" srcset=\"https:\/\/jorgezanoni.com.br\/2019\/wp-content\/uploads\/2021\/11\/ban2.jpg 576w, https:\/\/jorgezanoni.com.br\/2019\/wp-content\/uploads\/2021\/11\/ban2-135x300.jpg 135w, https:\/\/jorgezanoni.com.br\/2019\/wp-content\/uploads\/2021\/11\/ban2-461x1024.jpg 461w, https:\/\/jorgezanoni.com.br\/2019\/wp-content\/uploads\/2021\/11\/ban2-189x420.jpg 189w\" sizes=\"auto, (max-width: 576px) 100vw, 576px\" \/> <img loading=\"lazy\" decoding=\"async\" class=\"alignnone size-full wp-image-56561\" src=\"https:\/\/jorgezanoni.com.br\/2019\/wp-content\/uploads\/2021\/11\/ban3.jpg\" alt=\"\" width=\"1280\" height=\"576\" srcset=\"https:\/\/jorgezanoni.com.br\/2019\/wp-content\/uploads\/2021\/11\/ban3.jpg 1280w, https:\/\/jorgezanoni.com.br\/2019\/wp-content\/uploads\/2021\/11\/ban3-300x135.jpg 300w, https:\/\/jorgezanoni.com.br\/2019\/wp-content\/uploads\/2021\/11\/ban3-1024x461.jpg 1024w, https:\/\/jorgezanoni.com.br\/2019\/wp-content\/uploads\/2021\/11\/ban3-768x346.jpg 768w, https:\/\/jorgezanoni.com.br\/2019\/wp-content\/uploads\/2021\/11\/ban3-696x313.jpg 696w, https:\/\/jorgezanoni.com.br\/2019\/wp-content\/uploads\/2021\/11\/ban3-1068x481.jpg 1068w, https:\/\/jorgezanoni.com.br\/2019\/wp-content\/uploads\/2021\/11\/ban3-933x420.jpg 933w\" sizes=\"auto, (max-width: 1280px) 100vw, 1280px\" \/>#25bpmi<br \/>\n#cpi8<br \/>\n#POLICIAMILITARSP<br \/>\n#AFOR\u00c7AP\u00daBLICADES\u00c3OPAULO<br \/>\nComunica\u00e7\u00e3o Social do 25BPMI e regi\u00e3o<\/p>\n","protected":false},"excerpt":{"rendered":"<p>19 DE NOVEMBRO: 25\u00ba BPM\/I FAZ ATO EM ALUS\u00c3O AO DIA DA BANDEIRA Na data de hoje (19) de novembro, policiais militares do 25\u00ba BPM\/I fizeram ato em alus\u00e3o ao Dia da Bandeira comemorado hoje. Foi realizada a leitura do Ordem do dia, com uma mensagem do Comandante Geral da Pol\u00edcia Militar Cel PM Fernando [&hellip;]<\/p>\n","protected":false},"author":1,"featured_media":56562,"comment_status":"closed","ping_status":"open","sticky":false,"template":"","format":"standard","meta":{"footnotes":""},"categories":[110,2],"tags":[],"class_list":["post-56557","post","type-post","status-publish","format-standard","has-post-thumbnail","hentry","category-noticiasdestaque","category-policial"],"_links":{"self":[{"href":"https:\/\/jorgezanoni.com.br\/2019\/wp-json\/wp\/v2\/posts\/56557","targetHints":{"allow":["GET"]}}],"collection":[{"href":"https:\/\/jorgezanoni.com.br\/2019\/wp-json\/wp\/v2\/posts"}],"about":[{"href":"https:\/\/jorgezanoni.com.br\/2019\/wp-json\/wp\/v2\/types\/post"}],"author":[{"embeddable":true,"href":"https:\/\/jorgezanoni.com.br\/2019\/wp-json\/wp\/v2\/users\/1"}],"replies":[{"embeddable":true,"href":"https:\/\/jorgezanoni.com.br\/2019\/wp-json\/wp\/v2\/comments?post=56557"}],"version-history":[{"count":0,"href":"https:\/\/jorgezanoni.com.br\/2019\/wp-json\/wp\/v2\/posts\/56557\/revisions"}],"wp:featuredmedia":[{"embeddable":true,"href":"https:\/\/jorgezanoni.com.br\/2019\/wp-json\/wp\/v2\/media\/56562"}],"wp:attachment":[{"href":"https:\/\/jorgezanoni.com.br\/2019\/wp-json\/wp\/v2\/media?parent=56557"}],"wp:term":[{"taxonomy":"category","embeddable":true,"href":"https:\/\/jorgezanoni.com.br\/2019\/wp-json\/wp\/v2\/categories?post=56557"},{"taxonomy":"post_tag","embeddable":true,"href":"https:\/\/jorgezanoni.com.br\/2019\/wp-json\/wp\/v2\/tags?post=56557"}],"curies":[{"name":"wp","href":"https:\/\/api.w.org\/{rel}","templated":true}]}}