{"id":56553,"date":"2021-11-20T02:18:39","date_gmt":"2021-11-20T02:18:39","guid":{"rendered":"https:\/\/jorgezanoni.com.br\/2019\/?p=56553"},"modified":"2021-11-20T02:18:39","modified_gmt":"2021-11-20T02:18:39","slug":"hoje-e-dia-de-proerd","status":"publish","type":"post","link":"https:\/\/jorgezanoni.com.br\/2019\/hoje-e-dia-de-proerd\/","title":{"rendered":"Hoje \u00e9 Dia de PROERD"},"content":{"rendered":"<p style=\"text-align: justify;\">HOJE \u00c9 DIA DE PROERD!<\/p>\n<p style=\"text-align: justify;\">28 Anos na miss\u00e3o de manter os jovens afastados das drogas e viol\u00eancia\ud83e\udd81<br \/>\nEm 1993 a Pol\u00edcia Militar formava a 1\u00aa turma de instrutores do Programa de Resist\u00eancia \u00e0s Drogas e \u00e0 Viol\u00eancia do Estado de S\u00e3o Paulo (PROERD). Foram 05 Oficiais e 22 Alunos Oficiais volunt\u00e1rios, que, em seu hor\u00e1rio de folga durante o recesso escolar da Academia de Pol\u00edcia Militar do Barro Branco, acreditaram na empreitada da preven\u00e7\u00e3o por meio da educa\u00e7\u00e3o, proposta pelo Drug Abuse Resistence Education, oriundo do Departamento de Pol\u00edcia de Los Angeles e o Distrito Escolar Unificado daquela cidade. Em 28 anos, Quase 11 milh\u00f5es de crian\u00e7as tiveram contato com a Pol\u00edcia Militar do Estado de S\u00e3o Paulo por meio do programa, que evoluiu em suas diversas constru\u00e7\u00f5es curriculares e hoje atua baseado em estimular as crian\u00e7as e adolescentes a desenvolverem habilidades s\u00f3cio emocionais. Conhecer para intervir \u00e9 um objetivo e tem permitido progressivamente suprir as necessidades materiais e pedag\u00f3gicas para a aplica\u00e7\u00e3o do Programa.<br \/>\nParab\u00e9ns a todos policiais militares que se dedicam \u00e0 miss\u00e3o de manter os jovens afastados das drogas e da viol\u00eancia!<br \/>\nVoc\u00ea tamb\u00e9m j\u00e1 foi aluno do PROERD? Deixe seus parab\u00e9ns aqui nos coment\u00e1rios\ud83d\udc47\ud83d\udc47<\/p>\n<p><img loading=\"lazy\" decoding=\"async\" class=\"alignnone size-full wp-image-56554\" src=\"https:\/\/jorgezanoni.com.br\/2019\/wp-content\/uploads\/2021\/11\/proerd.jpg\" alt=\"\" width=\"1084\" height=\"1083\" srcset=\"https:\/\/jorgezanoni.com.br\/2019\/wp-content\/uploads\/2021\/11\/proerd.jpg 1084w, https:\/\/jorgezanoni.com.br\/2019\/wp-content\/uploads\/2021\/11\/proerd-300x300.jpg 300w, https:\/\/jorgezanoni.com.br\/2019\/wp-content\/uploads\/2021\/11\/proerd-1024x1024.jpg 1024w, https:\/\/jorgezanoni.com.br\/2019\/wp-content\/uploads\/2021\/11\/proerd-150x150.jpg 150w, https:\/\/jorgezanoni.com.br\/2019\/wp-content\/uploads\/2021\/11\/proerd-768x767.jpg 768w, https:\/\/jorgezanoni.com.br\/2019\/wp-content\/uploads\/2021\/11\/proerd-696x695.jpg 696w, https:\/\/jorgezanoni.com.br\/2019\/wp-content\/uploads\/2021\/11\/proerd-1068x1067.jpg 1068w, https:\/\/jorgezanoni.com.br\/2019\/wp-content\/uploads\/2021\/11\/proerd-420x420.jpg 420w\" sizes=\"auto, (max-width: 1084px) 100vw, 1084px\" \/><br \/>\n#POLICIAMILITARSP<br \/>\n#AFOR\u00c7AP\u00daBLICADES\u00c3OPAULO<br \/>\nCOMUNICA\u00c7\u00c3O SOCIAL PMESP<\/p>\n","protected":false},"excerpt":{"rendered":"<p>HOJE \u00c9 DIA DE PROERD! 28 Anos na miss\u00e3o de manter os jovens afastados das drogas e viol\u00eancia\ud83e\udd81 Em 1993 a Pol\u00edcia Militar formava a 1\u00aa turma de instrutores do Programa de Resist\u00eancia \u00e0s Drogas e \u00e0 Viol\u00eancia do Estado de S\u00e3o Paulo (PROERD). Foram 05 Oficiais e 22 Alunos Oficiais volunt\u00e1rios, que, em seu [&hellip;]<\/p>\n","protected":false},"author":1,"featured_media":56555,"comment_status":"closed","ping_status":"open","sticky":false,"template":"","format":"standard","meta":{"footnotes":""},"categories":[110,2],"tags":[],"class_list":["post-56553","post","type-post","status-publish","format-standard","has-post-thumbnail","hentry","category-noticiasdestaque","category-policial"],"_links":{"self":[{"href":"https:\/\/jorgezanoni.com.br\/2019\/wp-json\/wp\/v2\/posts\/56553","targetHints":{"allow":["GET"]}}],"collection":[{"href":"https:\/\/jorgezanoni.com.br\/2019\/wp-json\/wp\/v2\/posts"}],"about":[{"href":"https:\/\/jorgezanoni.com.br\/2019\/wp-json\/wp\/v2\/types\/post"}],"author":[{"embeddable":true,"href":"https:\/\/jorgezanoni.com.br\/2019\/wp-json\/wp\/v2\/users\/1"}],"replies":[{"embeddable":true,"href":"https:\/\/jorgezanoni.com.br\/2019\/wp-json\/wp\/v2\/comments?post=56553"}],"version-history":[{"count":0,"href":"https:\/\/jorgezanoni.com.br\/2019\/wp-json\/wp\/v2\/posts\/56553\/revisions"}],"wp:featuredmedia":[{"embeddable":true,"href":"https:\/\/jorgezanoni.com.br\/2019\/wp-json\/wp\/v2\/media\/56555"}],"wp:attachment":[{"href":"https:\/\/jorgezanoni.com.br\/2019\/wp-json\/wp\/v2\/media?parent=56553"}],"wp:term":[{"taxonomy":"category","embeddable":true,"href":"https:\/\/jorgezanoni.com.br\/2019\/wp-json\/wp\/v2\/categories?post=56553"},{"taxonomy":"post_tag","embeddable":true,"href":"https:\/\/jorgezanoni.com.br\/2019\/wp-json\/wp\/v2\/tags?post=56553"}],"curies":[{"name":"wp","href":"https:\/\/api.w.org\/{rel}","templated":true}]}}