{"id":56546,"date":"2021-11-20T00:42:50","date_gmt":"2021-11-20T00:42:50","guid":{"rendered":"https:\/\/jorgezanoni.com.br\/2019\/?p=56546"},"modified":"2021-11-20T00:42:50","modified_gmt":"2021-11-20T00:42:50","slug":"curso-de-medicina-da-unifadra-dracena-e-destaque-em-video","status":"publish","type":"post","link":"https:\/\/jorgezanoni.com.br\/2019\/curso-de-medicina-da-unifadra-dracena-e-destaque-em-video\/","title":{"rendered":"Curso de Medicina da Unifadra Dracena \u00e9 destaque em v\u00eddeo"},"content":{"rendered":"<p style=\"text-align: justify;\"><span style=\"font-size: large;\">A Funda\u00e7\u00e3o Dracenense de Educa\u00e7\u00e3o e Cultura (Fundec), mantenedora da Unifadra Dracena, divulgou o v\u00eddeo em que apresenta a estrutura f\u00edsica e a infraestrutura acad\u00eamica da faculdade, al\u00e9m de apontar os investimentos importantes para o curso de Medicina.<\/span><\/p>\n<p><span style=\"font-size: large;\">O v\u00eddeo destaca ainda o trabalho realizado pelos acad\u00eamicos na \u00e1rea da Sa\u00fade por meio de conv\u00eanios com os munic\u00edpios de Dracena, Junqueir\u00f3polis, Ouro Verde e Tupi Paulista (em atividades nas ESFs &#8211; Estrat\u00e9gias de Sa\u00fade e Fam\u00edlia e no ambulat\u00f3rio de Dracena da Policl\u00ednica), al\u00e9m dos atendimentos do internato nas Santas Casas de Dracena e Presidente Venceslau.<\/span><\/p>\n<p><span style=\"font-size: large;\">Outro tema relevante divulgado no v\u00eddeo aborda a constru\u00e7\u00e3o do Centro de Estudos de Medicina para o Internato (CEAMI), um local que ser\u00e1 utilizado pelos alunos que frequentam o internato na Santa Casa de Miseric\u00f3rdia de Dracena.<\/span><\/p>\n<p><span style=\"font-size: large;\">Assista ao v\u00eddeo e veja as informa\u00e7\u00f5es completas em:\u00a0<a href=\"https:\/\/www.youtube.com\/watch?v=Lk4Mc8vbX6U\" target=\"_blank\" rel=\"noopener noreferrer\">https:\/\/www.youtube.com\/watch?v=Lk4Mc8vbX6U<\/a><\/span><\/p>\n<p>Fonte: Departamento de Comunica\u00e7\u00e3o da Fundec<\/p>\n<p>&nbsp;<\/p>\n<p>&nbsp;<\/p>\n","protected":false},"excerpt":{"rendered":"<p>A Funda\u00e7\u00e3o Dracenense de Educa\u00e7\u00e3o e Cultura (Fundec), mantenedora da Unifadra Dracena, divulgou o v\u00eddeo em que apresenta a estrutura f\u00edsica e a infraestrutura acad\u00eamica da faculdade, al\u00e9m de apontar os investimentos importantes para o curso de Medicina. O v\u00eddeo destaca ainda o trabalho realizado pelos acad\u00eamicos na \u00e1rea da Sa\u00fade por meio de conv\u00eanios [&hellip;]<\/p>\n","protected":false},"author":1,"featured_media":56547,"comment_status":"closed","ping_status":"open","sticky":false,"template":"","format":"standard","meta":{"footnotes":""},"categories":[110,122],"tags":[],"class_list":["post-56546","post","type-post","status-publish","format-standard","has-post-thumbnail","hentry","category-noticiasdestaque","category-saudeeducacaoeconcurso"],"_links":{"self":[{"href":"https:\/\/jorgezanoni.com.br\/2019\/wp-json\/wp\/v2\/posts\/56546","targetHints":{"allow":["GET"]}}],"collection":[{"href":"https:\/\/jorgezanoni.com.br\/2019\/wp-json\/wp\/v2\/posts"}],"about":[{"href":"https:\/\/jorgezanoni.com.br\/2019\/wp-json\/wp\/v2\/types\/post"}],"author":[{"embeddable":true,"href":"https:\/\/jorgezanoni.com.br\/2019\/wp-json\/wp\/v2\/users\/1"}],"replies":[{"embeddable":true,"href":"https:\/\/jorgezanoni.com.br\/2019\/wp-json\/wp\/v2\/comments?post=56546"}],"version-history":[{"count":0,"href":"https:\/\/jorgezanoni.com.br\/2019\/wp-json\/wp\/v2\/posts\/56546\/revisions"}],"wp:featuredmedia":[{"embeddable":true,"href":"https:\/\/jorgezanoni.com.br\/2019\/wp-json\/wp\/v2\/media\/56547"}],"wp:attachment":[{"href":"https:\/\/jorgezanoni.com.br\/2019\/wp-json\/wp\/v2\/media?parent=56546"}],"wp:term":[{"taxonomy":"category","embeddable":true,"href":"https:\/\/jorgezanoni.com.br\/2019\/wp-json\/wp\/v2\/categories?post=56546"},{"taxonomy":"post_tag","embeddable":true,"href":"https:\/\/jorgezanoni.com.br\/2019\/wp-json\/wp\/v2\/tags?post=56546"}],"curies":[{"name":"wp","href":"https:\/\/api.w.org\/{rel}","templated":true}]}}