{"id":56539,"date":"2021-11-19T13:51:09","date_gmt":"2021-11-19T13:51:09","guid":{"rendered":"https:\/\/jorgezanoni.com.br\/2019\/?p=56539"},"modified":"2021-11-19T13:51:09","modified_gmt":"2021-11-19T13:51:09","slug":"funcionarios-da-emdaep-terao-semana-de-palestras-sobre-seguranca-do-trabalho","status":"publish","type":"post","link":"https:\/\/jorgezanoni.com.br\/2019\/funcionarios-da-emdaep-terao-semana-de-palestras-sobre-seguranca-do-trabalho\/","title":{"rendered":"Funcion\u00e1rios da EMDAEP ter\u00e3o semana de palestras sobre seguran\u00e7a do trabalho"},"content":{"rendered":"<p style=\"text-align: justify;\">A partir de segunda-feira (22) ser\u00e1 realizada a Semana Interna de Preven\u00e7\u00e3o de Acidentes do Trabalho (Sipat), com a participa\u00e7\u00e3o dos funcion\u00e1rios da EMDAEP. Haver\u00e1 tr\u00eas palestras, \u00e0s 12h30, no refeit\u00f3rio da empresa.<br \/>\nNo primeiro dia (segunda-feira), o engenheiro H\u00e9lio Pesce Guastaldi abordar\u00e1 o tema \u201cSeguran\u00e7a do trabalho e o per\u00edodo de pandemia\u201d.<br \/>\nQuarta-feira (24), a psic\u00f3loga Cidinha Pascoaloto enfocar\u00e1 \u201cPsicologia, emo\u00e7\u00f5es e a pandemia\u201d.<br \/>\nO encerramento ser\u00e1 na sexta-feira (26), com a presen\u00e7a de Edilson Camargo, que falar\u00e1 de sua experi\u00eancia pessoal ao vencer a Covid e retomar suas atividades profissionais.<br \/>\nA Sipat \u00e9 organizada pela Comiss\u00e3o Interna de Preven\u00e7\u00e3o de Acidentes do Trabalho.<\/p>\n<p style=\"text-align: justify;\">Ass. Rela\u00e7\u00f5es P\u00fablicas da EMDAEP<\/p>\n","protected":false},"excerpt":{"rendered":"<p>A partir de segunda-feira (22) ser\u00e1 realizada a Semana Interna de Preven\u00e7\u00e3o de Acidentes do Trabalho (Sipat), com a participa\u00e7\u00e3o dos funcion\u00e1rios da EMDAEP. Haver\u00e1 tr\u00eas palestras, \u00e0s 12h30, no refeit\u00f3rio da empresa. No primeiro dia (segunda-feira), o engenheiro H\u00e9lio Pesce Guastaldi abordar\u00e1 o tema \u201cSeguran\u00e7a do trabalho e o per\u00edodo de pandemia\u201d. Quarta-feira (24), [&hellip;]<\/p>\n","protected":false},"author":1,"featured_media":56540,"comment_status":"closed","ping_status":"open","sticky":false,"template":"","format":"standard","meta":{"footnotes":""},"categories":[179,184,110],"tags":[],"class_list":["post-56539","post","type-post","status-publish","format-standard","has-post-thumbnail","hentry","category-cidadeseregiao","category-dracena","category-noticiasdestaque"],"_links":{"self":[{"href":"https:\/\/jorgezanoni.com.br\/2019\/wp-json\/wp\/v2\/posts\/56539","targetHints":{"allow":["GET"]}}],"collection":[{"href":"https:\/\/jorgezanoni.com.br\/2019\/wp-json\/wp\/v2\/posts"}],"about":[{"href":"https:\/\/jorgezanoni.com.br\/2019\/wp-json\/wp\/v2\/types\/post"}],"author":[{"embeddable":true,"href":"https:\/\/jorgezanoni.com.br\/2019\/wp-json\/wp\/v2\/users\/1"}],"replies":[{"embeddable":true,"href":"https:\/\/jorgezanoni.com.br\/2019\/wp-json\/wp\/v2\/comments?post=56539"}],"version-history":[{"count":0,"href":"https:\/\/jorgezanoni.com.br\/2019\/wp-json\/wp\/v2\/posts\/56539\/revisions"}],"wp:featuredmedia":[{"embeddable":true,"href":"https:\/\/jorgezanoni.com.br\/2019\/wp-json\/wp\/v2\/media\/56540"}],"wp:attachment":[{"href":"https:\/\/jorgezanoni.com.br\/2019\/wp-json\/wp\/v2\/media?parent=56539"}],"wp:term":[{"taxonomy":"category","embeddable":true,"href":"https:\/\/jorgezanoni.com.br\/2019\/wp-json\/wp\/v2\/categories?post=56539"},{"taxonomy":"post_tag","embeddable":true,"href":"https:\/\/jorgezanoni.com.br\/2019\/wp-json\/wp\/v2\/tags?post=56539"}],"curies":[{"name":"wp","href":"https:\/\/api.w.org\/{rel}","templated":true}]}}