{"id":56511,"date":"2021-11-19T12:30:38","date_gmt":"2021-11-19T12:30:38","guid":{"rendered":"https:\/\/jorgezanoni.com.br\/2019\/?p=56511"},"modified":"2021-11-19T12:47:09","modified_gmt":"2021-11-19T12:47:09","slug":"policia-militar-prende-dois-homens-e-apreende-mais-de-50-kg-de-drogas-em-dracena","status":"publish","type":"post","link":"https:\/\/jorgezanoni.com.br\/2019\/policia-militar-prende-dois-homens-e-apreende-mais-de-50-kg-de-drogas-em-dracena\/","title":{"rendered":"Pol\u00edcia Militar prende dois homens e apreende mais de 50 Kg. de Drogas em Dracena"},"content":{"rendered":"<p style=\"text-align: justify;\"><strong>SEM CHANCE PARA O CRIME:\u00a0EM A\u00c7\u00c3O DE FOR\u00c7A T\u00c1TICA, POL\u00cdCIA MILITAR APREENDE EM DRACENA MAIS DE 50 KILOS DE DROGAS QUE ERA ARMAZENADA PARA O TR\u00c1FICO DA REGI\u00c3O E PRENDE DOIS HOMENS.<\/strong><\/p>\n<p style=\"text-align: justify;\">Na data de ontem (18) por volta das 19h30min pela Rua Vendramim, na Vila Luc\u00e9lia em Dracena as equipes de For\u00e7a T\u00e1tica do 25\u00ba BPM\/I, de posse de informa\u00e7\u00f5es de que o indicado 01 (homem de 33 anos de Dracena) mantinha uma esp\u00e9cie de \u201ccasa cofre\u201d onde armazenava drogas e que vendia estas a outros traficantes da regi\u00e3o, em patrulhamento nas proximidades visualizou o momento em que esse homem chegou em seu ve\u00edculo descendo de posse de um saco pl\u00e1stico na cor preta contendo em seu interior aparentemente subst\u00e2ncia em forma de tabletes, entrando na resid\u00eancia e saindo rapidamente n\u00e3o sendo poss\u00edvel realizar a abordagem. Posteriormente chegou o indiciado 02 (homem 36 anos) em uma motocicleta sendo ent\u00e3o abordado pela equipe tendo confessado de imediato que teria emprestado ao indiciado 01, um quarto de sua resid\u00eancia para que este armazenasse drogas, e ap\u00f3s buscas na resid\u00eancia foram localizados 52 tabletes e duas por\u00e7\u00f5es grandes fracionadas de maconha em sacos pl\u00e1sticos na cor preta em um dos c\u00f4modos, totalizando 54 kg, bem como balan\u00e7as de precis\u00e3o. As demais equipes de For\u00e7a T\u00e1tica em patrulhamento localizaram e abordaram o indiciado 01 em seu ve\u00edculo de posse de R$ 2.500,00 em seu bolso n\u00e3o sabendo explicar a proced\u00eancia.<br \/>\nDiante dos fatos foi dado voz de pris\u00e3o aos indiciados onde permaneceram presos \u00e0 disposi\u00e7\u00e3o da Justi\u00e7a, e os 54 kg de maconha apreendidos.<\/p>\n<p style=\"text-align: justify;\">Al\u00e9m dos\u00a054 Kg de Maconha, foram apreendidos R$ 2.500,00 em dinheiro, 01 ve\u00edculo VW\/GOLF, 3 balan\u00e7as de precis\u00e3o, 01 celular marca Apple e 01 celular marca Samsung.<\/p>\n<p><img loading=\"lazy\" decoding=\"async\" class=\"alignnone size-full wp-image-56515\" src=\"https:\/\/jorgezanoni.com.br\/2019\/wp-content\/uploads\/2021\/11\/dro.jpg\" alt=\"\" width=\"867\" height=\"1156\" srcset=\"https:\/\/jorgezanoni.com.br\/2019\/wp-content\/uploads\/2021\/11\/dro.jpg 867w, https:\/\/jorgezanoni.com.br\/2019\/wp-content\/uploads\/2021\/11\/dro-225x300.jpg 225w, https:\/\/jorgezanoni.com.br\/2019\/wp-content\/uploads\/2021\/11\/dro-768x1024.jpg 768w, https:\/\/jorgezanoni.com.br\/2019\/wp-content\/uploads\/2021\/11\/dro-696x928.jpg 696w, https:\/\/jorgezanoni.com.br\/2019\/wp-content\/uploads\/2021\/11\/dro-315x420.jpg 315w\" sizes=\"auto, (max-width: 867px) 100vw, 867px\" \/> <img loading=\"lazy\" decoding=\"async\" class=\"alignnone size-full wp-image-56516\" src=\"https:\/\/jorgezanoni.com.br\/2019\/wp-content\/uploads\/2021\/11\/dro1.jpg\" alt=\"\" width=\"867\" height=\"1156\" srcset=\"https:\/\/jorgezanoni.com.br\/2019\/wp-content\/uploads\/2021\/11\/dro1.jpg 867w, https:\/\/jorgezanoni.com.br\/2019\/wp-content\/uploads\/2021\/11\/dro1-225x300.jpg 225w, https:\/\/jorgezanoni.com.br\/2019\/wp-content\/uploads\/2021\/11\/dro1-768x1024.jpg 768w, https:\/\/jorgezanoni.com.br\/2019\/wp-content\/uploads\/2021\/11\/dro1-696x928.jpg 696w, https:\/\/jorgezanoni.com.br\/2019\/wp-content\/uploads\/2021\/11\/dro1-315x420.jpg 315w\" sizes=\"auto, (max-width: 867px) 100vw, 867px\" \/> <img loading=\"lazy\" decoding=\"async\" class=\"alignnone size-full wp-image-56517\" src=\"https:\/\/jorgezanoni.com.br\/2019\/wp-content\/uploads\/2021\/11\/dro2.jpg\" alt=\"\" width=\"867\" height=\"1156\" srcset=\"https:\/\/jorgezanoni.com.br\/2019\/wp-content\/uploads\/2021\/11\/dro2.jpg 867w, https:\/\/jorgezanoni.com.br\/2019\/wp-content\/uploads\/2021\/11\/dro2-225x300.jpg 225w, https:\/\/jorgezanoni.com.br\/2019\/wp-content\/uploads\/2021\/11\/dro2-768x1024.jpg 768w, https:\/\/jorgezanoni.com.br\/2019\/wp-content\/uploads\/2021\/11\/dro2-696x928.jpg 696w, https:\/\/jorgezanoni.com.br\/2019\/wp-content\/uploads\/2021\/11\/dro2-315x420.jpg 315w\" sizes=\"auto, (max-width: 867px) 100vw, 867px\" \/>#25bpmi<br \/>\n#cpi8<br \/>\n#POLICIAMILITARSP<br \/>\n#AFOR\u00c7AP\u00daBLICADES\u00c3OPAULO<br \/>\nComunica\u00e7\u00e3o Social do 25BPMI e regi\u00e3o<\/p>\n","protected":false},"excerpt":{"rendered":"<p>SEM CHANCE PARA O CRIME:\u00a0EM A\u00c7\u00c3O DE FOR\u00c7A T\u00c1TICA, POL\u00cdCIA MILITAR APREENDE EM DRACENA MAIS DE 50 KILOS DE DROGAS QUE ERA ARMAZENADA PARA O TR\u00c1FICO DA REGI\u00c3O E PRENDE DOIS HOMENS. Na data de ontem (18) por volta das 19h30min pela Rua Vendramim, na Vila Luc\u00e9lia em Dracena as equipes de For\u00e7a T\u00e1tica do [&hellip;]<\/p>\n","protected":false},"author":1,"featured_media":56512,"comment_status":"closed","ping_status":"open","sticky":false,"template":"","format":"standard","meta":{"footnotes":""},"categories":[110,2],"tags":[],"class_list":["post-56511","post","type-post","status-publish","format-standard","has-post-thumbnail","hentry","category-noticiasdestaque","category-policial"],"_links":{"self":[{"href":"https:\/\/jorgezanoni.com.br\/2019\/wp-json\/wp\/v2\/posts\/56511","targetHints":{"allow":["GET"]}}],"collection":[{"href":"https:\/\/jorgezanoni.com.br\/2019\/wp-json\/wp\/v2\/posts"}],"about":[{"href":"https:\/\/jorgezanoni.com.br\/2019\/wp-json\/wp\/v2\/types\/post"}],"author":[{"embeddable":true,"href":"https:\/\/jorgezanoni.com.br\/2019\/wp-json\/wp\/v2\/users\/1"}],"replies":[{"embeddable":true,"href":"https:\/\/jorgezanoni.com.br\/2019\/wp-json\/wp\/v2\/comments?post=56511"}],"version-history":[{"count":0,"href":"https:\/\/jorgezanoni.com.br\/2019\/wp-json\/wp\/v2\/posts\/56511\/revisions"}],"wp:featuredmedia":[{"embeddable":true,"href":"https:\/\/jorgezanoni.com.br\/2019\/wp-json\/wp\/v2\/media\/56512"}],"wp:attachment":[{"href":"https:\/\/jorgezanoni.com.br\/2019\/wp-json\/wp\/v2\/media?parent=56511"}],"wp:term":[{"taxonomy":"category","embeddable":true,"href":"https:\/\/jorgezanoni.com.br\/2019\/wp-json\/wp\/v2\/categories?post=56511"},{"taxonomy":"post_tag","embeddable":true,"href":"https:\/\/jorgezanoni.com.br\/2019\/wp-json\/wp\/v2\/tags?post=56511"}],"curies":[{"name":"wp","href":"https:\/\/api.w.org\/{rel}","templated":true}]}}