{"id":56508,"date":"2021-11-19T01:59:04","date_gmt":"2021-11-19T01:59:04","guid":{"rendered":"https:\/\/jorgezanoni.com.br\/2019\/?p=56508"},"modified":"2021-11-19T01:59:04","modified_gmt":"2021-11-19T01:59:04","slug":"oeste-saude-lanca-promocao-para-todos-os-planos","status":"publish","type":"post","link":"https:\/\/jorgezanoni.com.br\/2019\/oeste-saude-lanca-promocao-para-todos-os-planos\/","title":{"rendered":"Oeste Sa\u00fade lan\u00e7a promo\u00e7\u00e3o para todos os planos"},"content":{"rendered":"<p style=\"text-align: justify;\">Promovendo sa\u00fade de qualidade a pre\u00e7os acess\u00edveis, a\u00a0<a href=\"https:\/\/www.oestesaude.com.br\/\"><strong>Oeste Sa\u00fade<\/strong><\/a>\u00a0acaba de lan\u00e7ar uma\u00a0<a href=\"https:\/\/materiais.oestesaude.com.br\/campanha_promocional\">nova promo\u00e7\u00e3o<\/a>\u00a0com descontos e benef\u00edcios para todos os\u00a0<a href=\"https:\/\/www.oestesaude.com.br\/oestemaissaude\/oeste-saude\/quais-sao-os-tipos-de-plano-de-saude.html\"><strong>tipos de plano de sa\u00fade<\/strong><\/a>: individuais, familiares e MEI. O novo incentivo para cuidar da sa\u00fade oferece os seguintes benef\u00edcios:<\/p>\n<p style=\"text-align: justify;\">&#8211; 50% de desconto por dois meses (para novos benefici\u00e1rios)<br \/>\n&#8211;\u00a0<a href=\"https:\/\/www.oestesaude.com.br\/oestemaissaude\/oeste-saude\/carencias-em-plano-de-saude-quanto-tempo-e-necessario-aguardar-para-ser-atendido.html\"><strong>Isen\u00e7\u00e3o das car\u00eancias<\/strong><\/a><strong>\u00a0<\/strong>de 30 dias (consultas eletivas em consult\u00f3rio, tr\u00eas exames laboratoriais: hemograma, urina e parasitol\u00f3gico)<br \/>\n&#8211; Isen\u00e7\u00e3o do pagamento de coparticipa\u00e7\u00e3o nas consultas realizadas exclusivamente nos\u00a0<a href=\"https:\/\/www.oestecentromedico.com.br\/\"><strong>Centros M\u00e9dicos<\/strong><\/a>\u00a0da Oeste Sa\u00fade nas cidades de Presidente Prudente, Presidente Epit\u00e1cio, Dracena e Adamantina at\u00e9 31\/12\/2021.<\/p>\n<h2 style=\"text-align: justify;\">Quais as condi\u00e7\u00f5es para participar da nova promo\u00e7\u00e3o?<\/h2>\n<p style=\"text-align: justify;\">Destinada apenas para novos<strong>\u00a0<\/strong><a href=\"https:\/\/www.oestesaude.com.br\/compare-planos\"><strong>planos de sa\u00fade<\/strong><\/a>, a promo\u00e7\u00e3o \u00e9 v\u00e1lida at\u00e9 30\/11\/2021. Al\u00e9m disso, \u00e9 necess\u00e1ria a perman\u00eancia do usu\u00e1rio por, no m\u00ednimo, oito meses no novo plano.<\/p>\n<p style=\"text-align: justify;\">Qualquer pessoa que aderir a um dos\u00a0<a href=\"https:\/\/www.oestesaude.com.br\/oestemaissaude\/oeste-saude\/conheca-as-opcoes-de-planos-de-saude-e-faca-uma-simulacao.html\">planos comercializados pela Oeste Sa\u00fade<\/a>. No entanto, o desconto n\u00e3o se estende para a mensalidade de outros usu\u00e1rios que j\u00e1 fazem parte de um de nossos planos.<\/p>\n<p style=\"text-align: justify;\">Vale ressaltar tamb\u00e9m que a campanha promocional n\u00e3o \u00e9 cumulativa com demais descontos como: desconto familiar, desconto de inaugura\u00e7\u00e3o e etc. Fica expressamente proibido conceder os benef\u00edcios previstos neste regulamento para parentes, c\u00f4njuges ou filhos dos funcion\u00e1rios da Oeste Sa\u00fade.<\/p>\n<h2 style=\"text-align: justify;\">Tipos de plano de sa\u00fade<\/h2>\n<ul style=\"text-align: justify;\">\n<li><a href=\"https:\/\/www.oestesaude.com.br\/oestemaissaude\/oeste-saude\/qual-o-melhor-plano-de-saude-individual.html\"><strong>Plano de sa\u00fade individual<\/strong><\/a>\u00a0ou familiar<br \/>\nCompreende a assist\u00eancia \u00e0 sa\u00fade de contrata\u00e7\u00e3o individual para a livre ades\u00e3o de pessoas f\u00edsicas, com ou sem seu grupo familiar.<\/li>\n<li><a href=\"https:\/\/www.oestesaude.com.br\/oestemaissaude\/saude\/qual-o-melhor-plano-de-saude-empresarial.html\"><strong>Plano de sa\u00fade coletivo<\/strong><\/a><br \/>\nPlano coletivo por ades\u00e3o: oferece cobertura da aten\u00e7\u00e3o prestada \u00e0 popula\u00e7\u00e3o que mantenha v\u00ednculo com uma pessoa jur\u00eddica de car\u00e1ter profissional, classista ou setorial.<br \/>\nPlano coletivo empresarial: plano privado de assist\u00eancia \u00e0 sa\u00fade que oferece cobertura da aten\u00e7\u00e3o prestada \u00e0 popula\u00e7\u00e3o delimitada e vinculada \u00e0 pessoa jur\u00eddica por rela\u00e7\u00e3o empregat\u00edcia ou estatut\u00e1ria.<\/li>\n<li><strong>Plano de sa\u00fade para MEI<\/strong><br \/>\nEsse tipo de plano pode ser at\u00e9 35% mais barato em rela\u00e7\u00e3o ao plano individual, e funciona exatamente da mesma maneira que o plano de sa\u00fade empresarial. Geralmente \u00e9 preciso incluir mais uma pessoa no plano, que pode ser um funcion\u00e1rio ou dependente seu.<\/li>\n<\/ul>\n<h2 style=\"text-align: justify;\">Cuidado humanizado que faz a diferen\u00e7a<\/h2>\n<p style=\"text-align: justify;\">O cuidado humanizado e atendimento pr\u00f3ximo oferecido aos usu\u00e1rios \u00e9 um dos maiores atributos da Oeste Sa\u00fade. Al\u00e9m de oferecer planos de sa\u00fade que cabem no bolso da popula\u00e7\u00e3o, a operadora conta com excelente estrutura e uma ampla rede credenciada. S\u00e3o mais de 20 anos de dedica\u00e7\u00e3o e compromisso, a fim de garantir o conforto e o bem-estar dos benefici\u00e1rios.<\/p>\n<p style=\"text-align: justify;\">O Centro M\u00e9dico de Especialidades Oeste Sa\u00fade possui estrutura totalmente equipada onde \u00e9 poss\u00edvel realizar exames e consultas m\u00e9dicas agendadas de diversas especialidades, al\u00e9m do pronto atendimento e centro cir\u00fargico para pequenos procedimentos. Tudo em um s\u00f3 lugar, sem espera, sem aglomera\u00e7\u00e3o de pessoas e com rigorosas medidas de desinfec\u00e7\u00e3o.<\/p>\n<p style=\"text-align: justify;\">O\u00a0<strong>conv\u00eanio m\u00e9dico<\/strong>\u00a0tamb\u00e9m conta com v\u00e1rios programas de preven\u00e7\u00e3o e promo\u00e7\u00e3o \u00e0 sa\u00fade, proporcionando a\u00e7\u00f5es que melhoram o bem-estar e a qualidade de vida.<\/p>\n<p style=\"text-align: justify;\">As condi\u00e7\u00f5es especiais e redu\u00e7\u00e3o de car\u00eancias descritas neste artigo s\u00e3o v\u00e1lidas at\u00e9 o dia 30\/11\/2021. Para maiores esclarecimentos, entre em contato pelo telefone (18) 3918-5105 ou compare\u00e7a a uma de nossas sedes.<\/p>\n<p style=\"text-align: justify;\">Fonte: https:\/\/www.oestesaude.com.br\/<\/p>\n","protected":false},"excerpt":{"rendered":"<p>Promovendo sa\u00fade de qualidade a pre\u00e7os acess\u00edveis, a\u00a0Oeste Sa\u00fade\u00a0acaba de lan\u00e7ar uma\u00a0nova promo\u00e7\u00e3o\u00a0com descontos e benef\u00edcios para todos os\u00a0tipos de plano de sa\u00fade: individuais, familiares e MEI. O novo incentivo para cuidar da sa\u00fade oferece os seguintes benef\u00edcios: &#8211; 50% de desconto por dois meses (para novos benefici\u00e1rios) &#8211;\u00a0Isen\u00e7\u00e3o das car\u00eancias\u00a0de 30 dias (consultas eletivas [&hellip;]<\/p>\n","protected":false},"author":1,"featured_media":56509,"comment_status":"closed","ping_status":"open","sticky":false,"template":"","format":"standard","meta":{"footnotes":""},"categories":[110,122],"tags":[],"class_list":["post-56508","post","type-post","status-publish","format-standard","has-post-thumbnail","hentry","category-noticiasdestaque","category-saudeeducacaoeconcurso"],"_links":{"self":[{"href":"https:\/\/jorgezanoni.com.br\/2019\/wp-json\/wp\/v2\/posts\/56508","targetHints":{"allow":["GET"]}}],"collection":[{"href":"https:\/\/jorgezanoni.com.br\/2019\/wp-json\/wp\/v2\/posts"}],"about":[{"href":"https:\/\/jorgezanoni.com.br\/2019\/wp-json\/wp\/v2\/types\/post"}],"author":[{"embeddable":true,"href":"https:\/\/jorgezanoni.com.br\/2019\/wp-json\/wp\/v2\/users\/1"}],"replies":[{"embeddable":true,"href":"https:\/\/jorgezanoni.com.br\/2019\/wp-json\/wp\/v2\/comments?post=56508"}],"version-history":[{"count":0,"href":"https:\/\/jorgezanoni.com.br\/2019\/wp-json\/wp\/v2\/posts\/56508\/revisions"}],"wp:featuredmedia":[{"embeddable":true,"href":"https:\/\/jorgezanoni.com.br\/2019\/wp-json\/wp\/v2\/media\/56509"}],"wp:attachment":[{"href":"https:\/\/jorgezanoni.com.br\/2019\/wp-json\/wp\/v2\/media?parent=56508"}],"wp:term":[{"taxonomy":"category","embeddable":true,"href":"https:\/\/jorgezanoni.com.br\/2019\/wp-json\/wp\/v2\/categories?post=56508"},{"taxonomy":"post_tag","embeddable":true,"href":"https:\/\/jorgezanoni.com.br\/2019\/wp-json\/wp\/v2\/tags?post=56508"}],"curies":[{"name":"wp","href":"https:\/\/api.w.org\/{rel}","templated":true}]}}